{"id":511949,"date":"2025-11-04T20:44:13","date_gmt":"2025-11-04T20:44:13","guid":{"rendered":"https:\/\/www.europesays.com\/fr\/511949\/"},"modified":"2025-11-04T20:44:13","modified_gmt":"2025-11-04T20:44:13","slug":"depister-le-cancer-colorectal-soi-meme-le-guide-pratique","status":"publish","type":"post","link":"https:\/\/www.europesays.com\/fr\/511949\/","title":{"rendered":"d\u00e9pister le cancer colorectal soi-m\u00eame, le guide pratique"},"content":{"rendered":"<p>            Par<br \/>\n        <strong><br \/>\n            <a href=\"https:\/\/actu.fr\/auteur\/lea-pippinato\" title=\"Consulter tous les articles de L\u00e9a Pippinato\" target=\"_blank\" rel=\"noopener\">L\u00e9a Pippinato<\/a><br \/>\n        <\/strong><\/p>\n<p>        Publi\u00e9 le<\/p>\n<p>            4 nov. 2025 \u00e0 20h33        <\/p>\n<p>Chaque ann\u00e9e, <a href=\"https:\/\/www.cancer.fr\/toute-l-information-sur-les-cancers\/se-faire-depister\/les-depistages\/depistage-du-cancer-colorectal\/pourquoi-se-faire-depister\" target=\"_blank\" rel=\"noopener\">le cancer colorectal touche plus de 43 000 personnes en France<\/a>. Il reste pourtant l\u2019un des cancers les mieux gu\u00e9rissables lorsqu\u2019il est d\u00e9tect\u00e9 \u00e0 temps. <strong>Dans 9 cas sur 10<\/strong>, une d\u00e9tection pr\u00e9coce permet une survie de plus de 90 %. Ce chiffre, souvent m\u00e9connu, r\u00e9sume l\u2019enjeu du d\u00e9pistage.<\/p>\n<p class=\" wall-content\">\u00c0 Montpellier, la campagne Octobre Rose, d\u00e9di\u00e9e \u00e0 la lutte contre le cancer du sein, s\u2019\u00e9largit cette ann\u00e9e \u00e0 la pr\u00e9vention du cancer colorectal. Sur le stand install\u00e9 quartier Saint-Martin, des habitants d\u00e9couvrent qu\u2019un simple test, \u00e0 faire chez soi, peut \u00e9viter des traitements lourds et des ann\u00e9es d\u2019angoisse.<\/p>\n<p>    <a href=\"https:\/\/www.google.com\/maps\/embed?pb=!1m18!1m12!1m3!1d23114.090373704526!2d3.8535167999999995!3d43.6011008!2m3!1f0!2f0!3f0!3m2!1i1024!2i768!4f13.1!3m3!1m2!1s0x12b6afbe7fa23087%3A0xbc938f9e547ae88f!2sSaint-Martin%2C%2034000%20Montpellier!5e0!3m2!1sen!2sfr!4v1760368964975!5m2!1sen!2sfr\" title=\"Ouvrie le lien\" target=\"_blank\" rel=\"noopener\">Cliquez ici pour visualiser le contenu<\/a><\/p>\n<p>Le test colorectal, un geste de dix minutes<\/p>\n<p class=\" wall-content\">Le test immunologique s\u2019adresse aux femmes et aux hommes <strong>de 50 \u00e0 74 ans<\/strong> ne pr\u00e9sentant pas de facteurs de risque particuliers. Il se retire en pharmacie, se r\u00e9alise \u00e0 domicile, puis s\u2019envoie gratuitement par la poste. L\u2019analyse d\u00e9tecte la pr\u00e9sence \u00e9ventuelle de sang invisible \u00e0 l\u2019\u0153il nu dans les selles, signe possible d\u2019un cancer d\u00e9butant ou d\u2019un polype \u00e0 surveiller.<\/p>\n<p class=\" wall-content\">Sur le stand de pr\u00e9vention, les explications rassurent les passants. Dix minutes suffisent. Il suffit de vider sa vessie, de recueillir les selles gr\u00e2ce \u00e0 une feuille adapt\u00e9e, puis de frotter un petit goupillon sur leur surface. L\u2019\u00e9chantillon part ensuite en laboratoire dans une enveloppe pr\u00e9pay\u00e9e. Quelques jours plus tard, les r\u00e9sultats arrivent par courrier ou SMS.<\/p>\n<p class=\" wall-content\"><strong> Le mode d\u2019emploi complet du test colorectal est \u00e0 voir <a href=\"https:\/\/www.instagram.com\/metropolitainfr\/?hl=en\" target=\"_blank\" rel=\"noopener\">sur notre Instagram<\/a>\u00a0<\/strong><\/p>\n<p class=\" wall-content\"><a href=\"https:\/\/www.instagram.com\/p\/DQpOGdPjMdH\/embed\" title=\"Ouvrir le lien sur Instagram\" target=\"_blank\" rel=\"noopener\">Visualiser le contenu sur Instagram<\/a><\/p>\n<p>\u00ab\u00a0J\u2019ai voulu le faire sans h\u00e9siter\u00a0\u00bb<\/p>\n<p class=\" wall-content\">Pour <strong>Mouna Debag<\/strong>, enseignante \u00e0 <a href=\"https:\/\/www.jasmindorient.fr\" target=\"_blank\" rel=\"noopener\">l\u2019association Jasmin d\u2019Orient<\/a>, la pr\u00e9vention fait partie de sa vie. \u00ab\u00a0\u00c0 partir de 50 ans, j\u2019ai re\u00e7u deux fois le courrier de l\u2019assurance maladie \u00bb, raconte-t-elle. \u00ab\u00a0Comme je suis tr\u00e8s vigilante sur la sant\u00e9, j\u2019ai demand\u00e9 le kit \u00e0 la pharmacie. Tout \u00e9tait clair, je l\u2019ai fait chez moi sans souci.\u00a0\u00bb Elle insiste sur la facilit\u00e9 du geste et sur l\u2019importance de ne pas attendre : \u00ab\u00a0J\u2019ai confiance dans la pr\u00e9vention. Quand on s\u2019y prend t\u00f4t, on a beaucoup de chance de gu\u00e9rir. Et si jamais un cancer est d\u00e9tect\u00e9, on sait qu\u2019il y aura un suivi. C\u2019est rassurant.\u00a0\u00bb<\/p>\n<p>Vid\u00e9os : en ce moment sur Actu<\/p>\n<p class=\" wall-content\">Le t\u00e9moignage <strong>d\u2019\u00c9liane<\/strong> illustre la force du diagnostic pr\u00e9coce. \u00ab\u00a0\u00c0 56 ans, on m\u2019a retir\u00e9 des polypes. Plus tard, \u00e0 77 ans, on a d\u00e9tect\u00e9 une tumeur de l\u2019intestin gr\u00eale gr\u00e2ce \u00e0 la pr\u00e9vention.\u00a0\u00bb L\u2019op\u00e9ration a suffi, sans chimioth\u00e9rapie ni radioth\u00e9rapie. \u00c9liane en parle avec s\u00e9r\u00e9nit\u00e9 : \u00ab\u00a0Je n\u2019ai jamais eu peur du d\u00e9pistage. J\u2019aime contr\u00f4ler ma sant\u00e9, pas la subir.\u00a0\u00bb Ses enfants, aujourd\u2019hui quinquag\u00e9naires, ont eux aussi adopt\u00e9 ce r\u00e9flexe. \u00ab\u00a0C\u2019est une erreur de refuser le test. Quand on agit t\u00f4t, on \u00e9vite le pire.\u00a0\u00bb<\/p>\n<p>Votre r\u00e9gion, votre actu !<\/p>\n<p>Recevez chaque jour les infos qui comptent pour vous.<\/p>\n<p>\t<a href=\"https:\/\/actu.fr\/newsletter\" class=\"ac-btn ac-btn--corner ac-btn--medium ac-btn--blue800\" target=\"_blank\" rel=\"noopener\">S&rsquo;incrire<\/a><\/p>\n<p class=\" wall-content\">Dans le cadre de l\u2019op\u00e9ration \u00ab\u00a0Au sein des quartiers, 100 % des femmes accompagn\u00e9es\u00a0\u00bb, la Ville de Montpellier \u00e9tend la sensibilisation \u00e0 tous les cancers \u00e9vitables. Les habitantes sont invit\u00e9es \u00e0 se faire d\u00e9pister pour le c\u00f4lon. Le programme national de d\u00e9pistage, <strong>pilot\u00e9 par l\u2019Assurance maladie<\/strong>, envoie automatiquement tous les deux ans une invitation aux personnes concern\u00e9es. Pourtant, seul un tiers des Fran\u00e7ais r\u00e9pond \u00e0 cet appel. Un chiffre que cette campagne locale esp\u00e8re faire grimper.<\/p>\n<p class=\" wall-content\">Personnalisez votre actualit\u00e9 en ajoutant vos villes et m\u00e9dias en favori avec <a href=\"https:\/\/moncompte.actu.fr\" title=\"D\u00e9couvez Mon Actu\" rel=\"nofollow noopener\" data-trk=\"{&quot;cta&quot;:{&quot;action&quot;:&quot;https:\\\/\\\/moncompte.actu.fr&quot;,&quot;category&quot;:&quot;mon compte&quot;,&quot;from&quot;:&quot;article footer&quot;,&quot;name&quot;:&quot;Mon actu&quot;,&quot;type&quot;:&quot;cta&quot;}}\" target=\"_blank\">Mon Actu<\/a>.<\/p>\n<p>                    <script async src=\"\/\/www.instagram.com\/embed.js\"><\/script><\/p>\n","protected":false},"excerpt":{"rendered":"Par L\u00e9a Pippinato Publi\u00e9 le 4 nov. 2025 \u00e0 20h33 Chaque ann\u00e9e, le cancer colorectal touche plus de&hellip;\n","protected":false},"author":2,"featured_media":511950,"comment_status":"","ping_status":"","sticky":false,"template":"","format":"standard","meta":{"footnotes":""},"categories":[9599],"tags":[1111,11,101,1777,674,1011,27,2208,12,2680,54321,25,71,104],"class_list":{"0":"post-511949","1":"post","2":"type-post","3":"status-publish","4":"format-standard","5":"has-post-thumbnail","7":"category-montpellier","8":"tag-actu","9":"tag-actualites","10":"tag-cancer","11":"tag-eu","12":"tag-europe","13":"tag-fr","14":"tag-france","15":"tag-montpellier","16":"tag-news","17":"tag-occitanie","18":"tag-octobre-rose","19":"tag-republique-francaise","20":"tag-sante","21":"tag-societe"},"share_on_mastodon":{"url":"https:\/\/pubeurope.com\/@fr\/115493383641181062","error":""},"_links":{"self":[{"href":"https:\/\/www.europesays.com\/fr\/wp-json\/wp\/v2\/posts\/511949","targetHints":{"allow":["GET"]}}],"collection":[{"href":"https:\/\/www.europesays.com\/fr\/wp-json\/wp\/v2\/posts"}],"about":[{"href":"https:\/\/www.europesays.com\/fr\/wp-json\/wp\/v2\/types\/post"}],"author":[{"embeddable":true,"href":"https:\/\/www.europesays.com\/fr\/wp-json\/wp\/v2\/users\/2"}],"replies":[{"embeddable":true,"href":"https:\/\/www.europesays.com\/fr\/wp-json\/wp\/v2\/comments?post=511949"}],"version-history":[{"count":0,"href":"https:\/\/www.europesays.com\/fr\/wp-json\/wp\/v2\/posts\/511949\/revisions"}],"wp:featuredmedia":[{"embeddable":true,"href":"https:\/\/www.europesays.com\/fr\/wp-json\/wp\/v2\/media\/511950"}],"wp:attachment":[{"href":"https:\/\/www.europesays.com\/fr\/wp-json\/wp\/v2\/media?parent=511949"}],"wp:term":[{"taxonomy":"category","embeddable":true,"href":"https:\/\/www.europesays.com\/fr\/wp-json\/wp\/v2\/categories?post=511949"},{"taxonomy":"post_tag","embeddable":true,"href":"https:\/\/www.europesays.com\/fr\/wp-json\/wp\/v2\/tags?post=511949"}],"curies":[{"name":"wp","href":"https:\/\/api.w.org\/{rel}","templated":true}]}}