{"id":511955,"date":"2025-11-04T20:48:14","date_gmt":"2025-11-04T20:48:14","guid":{"rendered":"https:\/\/www.europesays.com\/fr\/511955\/"},"modified":"2025-11-04T20:48:14","modified_gmt":"2025-11-04T20:48:14","slug":"dans-les-logements-durgence-du-ccas-un-repit-apres-lerrance","status":"publish","type":"post","link":"https:\/\/www.europesays.com\/fr\/511955\/","title":{"rendered":"dans les logements d\u2019urgence du CCAS, un r\u00e9pit apr\u00e8s l\u2019errance"},"content":{"rendered":"<p>Sur le mur du salon de son logement au 2e\u00a0 \u00e9tage, Marie a accroch\u00e9 la carte de son pays d\u2019origine juste en dessous d\u2019un immense drapeau rouge et blanc. D\u2019un doigt, elle pointe la capitale de sa G\u00e9orgie natale, Tbilissi, et le village o\u00f9 elle a v\u00e9cu, plus \u00e0 l\u2019ouest. \u00ab\u00a0Dans mon pays, la situation \u00e9tait trop compliqu\u00e9e\u2026\u00a0\u00bb, parvient-elle \u00e0 glisser en fran\u00e7ais. Avec son mari, leurs fils et leur belle-fille, ils ont donc fait leurs valises il y a plus de trois ans maintenant et sont arriv\u00e9s en France en septembre\u00a02022.<\/p>\n<p>Un exil qui n\u2019a pas \u00e9t\u00e9 simple et qui les confronte encore \u00e0 de nombreuses difficult\u00e9s. Sans papier, sans ressource, ils ont aussi \u00e9t\u00e9 un temps sans logement. Gr\u00e2ce \u00e0 la solidarit\u00e9&#8230;<\/p>\n","protected":false},"excerpt":{"rendered":"Sur le mur du salon de son logement au 2e\u00a0 \u00e9tage, Marie a accroch\u00e9 la carte de son&hellip;\n","protected":false},"author":2,"featured_media":511956,"comment_status":"","ping_status":"","sticky":false,"template":"","format":"standard","meta":{"footnotes":""},"categories":[9566],"tags":[1111,11,2430,112,1777,674,1011,27,2731,2732,1061,108,1908,12,25,801,104],"class_list":{"0":"post-511955","1":"post","2":"type-post","3":"status-publish","4":"format-standard","5":"has-post-thumbnail","7":"category-grenoble","8":"tag-actu","9":"tag-actualites","10":"tag-auvergne-rhone-alpes","11":"tag-edition-grenoble-agglomeration","12":"tag-eu","13":"tag-europe","14":"tag-fr","15":"tag-france","16":"tag-grenoble","17":"tag-grenoble-bassin","18":"tag-immigration","19":"tag-isere","20":"tag-logement","21":"tag-news","22":"tag-republique-francaise","23":"tag-social","24":"tag-societe"},"share_on_mastodon":{"url":"https:\/\/pubeurope.com\/@fr\/115493398334208962","error":""},"_links":{"self":[{"href":"https:\/\/www.europesays.com\/fr\/wp-json\/wp\/v2\/posts\/511955","targetHints":{"allow":["GET"]}}],"collection":[{"href":"https:\/\/www.europesays.com\/fr\/wp-json\/wp\/v2\/posts"}],"about":[{"href":"https:\/\/www.europesays.com\/fr\/wp-json\/wp\/v2\/types\/post"}],"author":[{"embeddable":true,"href":"https:\/\/www.europesays.com\/fr\/wp-json\/wp\/v2\/users\/2"}],"replies":[{"embeddable":true,"href":"https:\/\/www.europesays.com\/fr\/wp-json\/wp\/v2\/comments?post=511955"}],"version-history":[{"count":0,"href":"https:\/\/www.europesays.com\/fr\/wp-json\/wp\/v2\/posts\/511955\/revisions"}],"wp:featuredmedia":[{"embeddable":true,"href":"https:\/\/www.europesays.com\/fr\/wp-json\/wp\/v2\/media\/511956"}],"wp:attachment":[{"href":"https:\/\/www.europesays.com\/fr\/wp-json\/wp\/v2\/media?parent=511955"}],"wp:term":[{"taxonomy":"category","embeddable":true,"href":"https:\/\/www.europesays.com\/fr\/wp-json\/wp\/v2\/categories?post=511955"},{"taxonomy":"post_tag","embeddable":true,"href":"https:\/\/www.europesays.com\/fr\/wp-json\/wp\/v2\/tags?post=511955"}],"curies":[{"name":"wp","href":"https:\/\/api.w.org\/{rel}","templated":true}]}}