{"id":511965,"date":"2025-11-04T20:53:26","date_gmt":"2025-11-04T20:53:26","guid":{"rendered":"https:\/\/www.europesays.com\/fr\/511965\/"},"modified":"2025-11-04T20:53:26","modified_gmt":"2025-11-04T20:53:26","slug":"latlantico-relance-ses-aperos-huitres-strasbourgeois","status":"publish","type":"post","link":"https:\/\/www.europesays.com\/fr\/511965\/","title":{"rendered":"l\u2019Atlantico relance ses ap\u00e9ros hu\u00eetres strasbourgeois !"},"content":{"rendered":"<p>    <img loading=\"lazy\" width=\"1800\" height=\"900\" src=\"https:\/\/www.europesays.com\/fr\/wp-content\/uploads\/2025\/11\/jeanne-callthepolice.jpg\" class=\"attachment-full size-full\" alt=\"\" id=\"imageLove\" decoding=\"async\"  \/><\/p>\n<p id=\"breadcrumbs\"><a href=\"https:\/\/pokaa.fr\/\" rel=\"nofollow noopener\" target=\"_blank\">Accueil<\/a> \/ <a href=\"https:\/\/pokaa.fr\/categories\/ses-sorties\/\" rel=\"nofollow noopener\" target=\"_blank\">Sorties<\/a> \/ Iode, vin blanc et p\u00e9niche : l\u2019Atlantico relance ses ap\u00e9ros hu\u00eetres strasbourgeois !<\/p>\n<p>                    Sorties<\/p>\n<p class=\"p1\"><b>Depuis le 30 octobre, l\u2019Atlantico a relanc\u00e9 ses ap\u00e9ros hu\u00eetres, un des \u00e9v\u00e9nements favoris des Breton(ne)s en mal d\u2019iode. Tous les jeudis, entre 18h et 22h, il est possible de s\u2019enfiler des hu\u00eetres par 3, 6 ou 12, avec les verres de vin qui vont bien avec. De quoi avoir l\u2019impression d\u2019\u00eatre au bord de la mer, sans quitter Strasbourg.\u00a0<\/b><\/p>\n<p class=\"p1\">C\u2019est l\u2019automne et il fait encore un peu beau \u00e0 Strasbourg. <b>Si les jours se raccourcissent, on peut toujours avoir envie d\u2019aller se poser au bord de l\u2019eau, pour un petit air de vacances<\/b>. Et dans notre ville, il n\u2019y a que peu de spots comme la coursive de l\u2019Altantico qui provoquent ce genre d\u2019\u00e9vasion.<\/p>\n<p class=\"p1\">Alors que notre capitale alsacienne est souvent une terre d\u2019accueil pour les Breton(ne)s exil\u00e9(e)s et Alsacien(ne)s d\u2019adoption, la p\u00e9niche du quai des P\u00eacheurs a relanc\u00e9, depuis le 30 octobre et apr\u00e8s un an d\u2019absence,<b> l\u2019un des \u00e9v\u00e9nements phares de la p\u00e9riode automnale strasbourgeoise : les ap\u00e9ros hu\u00eetres<\/b>.<\/p>\n<p>    <img width=\"800\" height=\"590\" src=\"https:\/\/www.europesays.com\/fr\/wp-content\/uploads\/2025\/11\/img-9742-800x590.jpg\" class=\"attachment-image-size-L size-image-size-L\" alt=\"atlantico\" decoding=\"async\" loading=\"lazy\"  \/>         \u00a9 Coraline Lafon \/ Pokaa <\/p>\n<p>Hu\u00eetres, vin blanc et terrine de deux poissons<\/p>\n<p class=\"p1\">Ainsi, tous les jeudis jusqu\u2019\u00e0 d\u00e9but janvier, l\u2019Atlantico accueille les matelot(e)s en manque de sel, de citron, d\u2019iode et \u00e9videmment de petite sauce \u00e0 l\u2019\u00e9chalote. <b>Entre 18h et 22h, il est possible de prendre des hu\u00eetres par 3 (7\u20ac), 6 (13\u20ac) ou 12 (25\u20ac)<\/b>. Pour les amateurs\/rices de poissons, une terrine est \u00e9galement disponible \u00e0 8\u20ac.<\/p>\n<p class=\"p1\"><b>On pourra accompagner tout \u00e7a d\u2019un verre de blanc (ou plusieurs), entre un Muscadet ou un Chardonnay (5,50\u20ac), voire un Petit-Chablis (9\u20ac) si l\u2019on aime les douceurs de la vie<\/b>. Diff\u00e9rentes formules sont \u00e9galement disponibles avec le Muscadet et les hu\u00eetres pour se mettre bien. <strong>Dans tout ce bonheur, un seul regret : aucun vin alsacien.<\/strong><\/p>\n<p>            Ap\u00e9ros hu\u00eetres \u00e0 l&rsquo;Atlantico<\/p>\n<p>            Quoi ? <\/p>\n<p>Ap\u00e9ro o\u00f9 l\u2019on mange des hu\u00eetres et\/ou des terrines de deux poissons, avec un verre de vin (ou plusieurs)<\/p>\n<p>                Quand ?<\/p>\n<p>Tous les jeudis jusqu\u2019\u00e0 d\u00e9but janvier, de 18h \u00e0 22h<\/p>\n<p>            o\u00f9 ?<\/p>\n<p>Caf\u00e9 Atlantico, 9A quai des P\u00eacheurs, \u00e0 Strasbourg<\/p>\n<p>                Plus d&rsquo;infos ?<\/p>\n<p><a href=\"https:\/\/cafe-atlantico.net\/\" target=\"_blank\" rel=\"noopener nofollow\">Le site web<\/a><br \/><a href=\"https:\/\/www.instagram.com\/p\/DQMnzjaCNQj\/\" target=\"_blank\" rel=\"noopener nofollow\">La page Instagram<\/a><\/p>\n<p><script async src=\"\/\/www.instagram.com\/embed.js\"><\/script><\/p>\n","protected":false},"excerpt":{"rendered":"Accueil \/ Sorties \/ Iode, vin blanc et p\u00e9niche : l\u2019Atlantico relance ses ap\u00e9ros hu\u00eetres strasbourgeois ! Sorties&hellip;\n","protected":false},"author":2,"featured_media":511966,"comment_status":"","ping_status":"","sticky":false,"template":"","format":"standard","meta":{"footnotes":""},"categories":[2820],"tags":[1111,11,11419,63266,63267,1777,674,1011,27,775,12,25,63268,640],"class_list":{"0":"post-511965","1":"post","2":"type-post","3":"status-publish","4":"format-standard","5":"has-post-thumbnail","7":"category-strasbourg","8":"tag-actu","9":"tag-actualites","10":"tag-apero","11":"tag-apero-huitres","12":"tag-atlantico","13":"tag-eu","14":"tag-europe","15":"tag-fr","16":"tag-france","17":"tag-grand-est","18":"tag-news","19":"tag-republique-francaise","20":"tag-sorties-strasbourg","21":"tag-strasbourg"},"share_on_mastodon":{"url":"https:\/\/pubeurope.com\/@fr\/115493418649863932","error":""},"_links":{"self":[{"href":"https:\/\/www.europesays.com\/fr\/wp-json\/wp\/v2\/posts\/511965","targetHints":{"allow":["GET"]}}],"collection":[{"href":"https:\/\/www.europesays.com\/fr\/wp-json\/wp\/v2\/posts"}],"about":[{"href":"https:\/\/www.europesays.com\/fr\/wp-json\/wp\/v2\/types\/post"}],"author":[{"embeddable":true,"href":"https:\/\/www.europesays.com\/fr\/wp-json\/wp\/v2\/users\/2"}],"replies":[{"embeddable":true,"href":"https:\/\/www.europesays.com\/fr\/wp-json\/wp\/v2\/comments?post=511965"}],"version-history":[{"count":0,"href":"https:\/\/www.europesays.com\/fr\/wp-json\/wp\/v2\/posts\/511965\/revisions"}],"wp:featuredmedia":[{"embeddable":true,"href":"https:\/\/www.europesays.com\/fr\/wp-json\/wp\/v2\/media\/511966"}],"wp:attachment":[{"href":"https:\/\/www.europesays.com\/fr\/wp-json\/wp\/v2\/media?parent=511965"}],"wp:term":[{"taxonomy":"category","embeddable":true,"href":"https:\/\/www.europesays.com\/fr\/wp-json\/wp\/v2\/categories?post=511965"},{"taxonomy":"post_tag","embeddable":true,"href":"https:\/\/www.europesays.com\/fr\/wp-json\/wp\/v2\/tags?post=511965"}],"curies":[{"name":"wp","href":"https:\/\/api.w.org\/{rel}","templated":true}]}}