{"id":511975,"date":"2025-11-04T20:58:19","date_gmt":"2025-11-04T20:58:19","guid":{"rendered":"https:\/\/www.europesays.com\/fr\/511975\/"},"modified":"2025-11-04T20:58:19","modified_gmt":"2025-11-04T20:58:19","slug":"des-magasins-carrefour-de-la-metropole-de-bordeaux-cibles-par-des-militants-pro-palestiniens","status":"publish","type":"post","link":"https:\/\/www.europesays.com\/fr\/511975\/","title":{"rendered":"Des magasins Carrefour de la m\u00e9tropole de Bordeaux cibl\u00e9s par des militants pro-palestiniens"},"content":{"rendered":"<p class=\"wp-block-post-excerpt__excerpt\">Une dizaine d\u2019enseignes de la m\u00e9tropole bordelaise ont \u00e9t\u00e9 tagu\u00e9s ou d\u00e9grad\u00e9s par des activistes d\u00e9non\u00e7ant les liens de Carrefour avec Isra\u00ebl et sa suppos\u00e9e complicit\u00e9 dans le g\u00e9nocide en cours. En cause : un accord du groupe de grande distribution avec une soci\u00e9t\u00e9 isra\u00e9lienne implant\u00e9e dans des colonies ill\u00e9gales en Cisjordanie. <\/p>\n<p><a href=\"https:\/\/rue89bordeaux.com\/category\/actualite\/\" rel=\"tag noopener\" target=\"_blank\">Actualit\u00e9<\/a>, <a href=\"https:\/\/rue89bordeaux.com\/category\/kiosque-abonne\/\" rel=\"tag noopener\" target=\"_blank\">\u00c9dition abonn\u00e9s<\/a><\/p>\n<p>Margaux B\u00e9gards<\/p>\n<p>Publi\u00e9 le 4 novembre 2025\u00a0\u00a0\u00b7\u00a0\u00a0<\/p>\n<p>Imprim\u00e9 le 4 novembre 2025 \u00e0 21h58\u00a0\u00a0\u00b7\u00a0\u00a0<\/p>\n<p>\t\t\t\t\t3\u00a0minutes\n<\/p>\n<p>\u00ab\u00a0Telle la mar\u00e9e, nous avons d\u00e9ferl\u00e9 sur l\u2019enseigne Carrefour.\u00a0\u00bb Dans la nuit du 3 au 4 novembre, une dizaine d\u2019enseignes de la marque Carrefour de la m\u00e9tropole bordelaise ont \u00e9t\u00e9 la cible d\u2019un groupe de militants non identifi\u00e9. Contact\u00e9s par Rue89 Bordeaux, ces derniers n\u2019ont pas donn\u00e9 suite.<\/p>\n<p>Des commerces \u00e0 Talence et Bordeaux ont vu leurs murs tagu\u00e9s, leurs fa\u00e7ades repeintes, leurs vitrines bris\u00e9es ou encore leurs serrures englu\u00e9es.<\/p>\n<blockquote class=\"wp-block-quote is-layout-flow wp-block-quote-is-layout-flow\">\n<p>\u00ab\u00a0Notre action autonome est un soutien \u00e0 la r\u00e9sistance palestinienne. Elle r\u00e9sonne avec les blocages de cargaisons par les dockers en Italie, les blocages et occupations d\u2019entreprises de la logistique et de l\u2019armement complices comme Eurolinks \u00e0 Marseille, et les campagnes internationales comme BDS (Boycott, D\u00e9sinvestissement, Sanctions)\u00a0\u00bb, revendique le groupe dans un communiqu\u00e9.<\/p>\n<\/blockquote>\n<p>\t\tD\u00e9noncer un partenariat <\/p>\n<p>Le moteur de cette action est le lien qu\u2019entretient le groupe Carrefour avec Isra\u00ebl, et par extension sa complicit\u00e9 suppos\u00e9e dans le g\u00e9nocide perp\u00e9tr\u00e9 en Palestine. Les militants critiquent notamment <a href=\"https:\/\/www.carrefour.com\/fr\/news\/carrefourpartenariatisrael\" target=\"_blank\" rel=\"noopener\">un partenariat conclu en 2022<\/a> par le groupe avec la soci\u00e9t\u00e9 isra\u00e9lienne Electra Consumer Products, \u00e9galement d\u00e9nonc\u00e9 par la Ligue des droits de l\u2019Homme (LDH), la CGT ou encore l\u2019association France Palestine Solidarit\u00e9 dans <a href=\"https:\/\/www.france-palestine.org\/+-Les-liaisons-dangereuses-de-Carrefour-avec-la-colonisation-israelienne-+\" target=\"_blank\" rel=\"noreferrer noopener\">un rapport dat\u00e9 de novembre 2022<\/a>.<\/p>\n<p class=\"has-primary-color has-text-color\">\n\t\t\t<strong> Cet article fait partie de l\u2019\u00e9dition abonn\u00e9s.<\/strong><br \/>\n\t\t\t| D\u00e9j\u00e0 abonn\u00e9\u00a0?<br \/>\n\t\t\t<a href=\"https:\/\/rue89bordeaux.com\/user\/login\/\" data-type=\"page\" data-id=\"26256\" target=\"_blank\" rel=\"noopener\">Connectez-vous<\/a>\n\t\t<\/p>\n<p>Abonnez-vous maintenant pour poursuivre votre lecture<\/p>\n<p><img loading=\"lazy\" decoding=\"async\" width=\"607\" height=\"480\" src=\"https:\/\/www.europesays.com\/fr\/wp-content\/uploads\/2025\/04\/1744387698_768_04-paywall.png\" alt=\"Abonnez-vous\" class=\"wp-image-128438\" style=\"aspect-ratio:1.2645833333333334;width:281px;height:auto\"  \/><\/p>\n<p>\t\t\t<a href=\"https:\/\/rue89bordeaux.com\/\" class=\"custom-logo-link\" rel=\"home noopener\" target=\"_blank\"><img loading=\"lazy\" decoding=\"async\" width=\"290\" height=\"49\" src=\"https:\/\/www.europesays.com\/fr\/wp-content\/uploads\/2025\/04\/logo.png\" class=\"custom-logo\" alt=\"Rue89Bordeaux Enqu\u00eates et informations de proximit\u00e9\"  \/><\/a><\/p>\n<p>\n\t\t\t\tAbonnez-vous maintenant pour suivre l\u2019actualit\u00e9 locale.\t\t\t<\/p>\n<p class=\"font-bold font-serif-heading mb-2 text-4xl\">\n\t\t\t\t\t\tL\u2019investigation locale \u00e0 port\u00e9e de main.\n\t\t\t\t\t<\/p>\n<p>\n\t\t\t\t\t\tAbonnez-vous et profitez d\u2019un acc\u00e8s illimit\u00e9 \u00e0 Rue89Bordeaux. Annulez quand vous voulez.\n\t\t\t\t\t<\/p>\n<p class=\"xl:text-sm\">\n\t\t\t\t\tD\u00e9j\u00e0 abonn\u00e9\u00a0?<br \/>\n\t\t\t\t\t<a class=\"border border-transparent text-center transition-colors duration-instant focus:border-info focus:rounded focus:shadow-focus cursor-pointer text-black hover:text-gray-700 active:bg-black-700 font-semibold inline-block\" href=\"https:\/\/rue89bordeaux.com\/user\/login\/?redirect=\/2025\/11\/des-magasins-carrefour-de-la-metropole-de-bordeaux-cibles-par-des-militants-pro-palestiniens\/\" target=\"_blank\" rel=\"noopener\">Connectez-vous<\/a>\t\t\t\t<\/p>\n<p>\n\t\t\t\tChoisissez votre formule\u00a0:\n\t\t\t<\/p>\n<p>\t\t\t\tFermer<\/p>\n","protected":false},"excerpt":{"rendered":"Une dizaine d\u2019enseignes de la m\u00e9tropole bordelaise ont \u00e9t\u00e9 tagu\u00e9s ou d\u00e9grad\u00e9s par des activistes d\u00e9non\u00e7ant les liens&hellip;\n","protected":false},"author":2,"featured_media":511976,"comment_status":"","ping_status":"","sticky":false,"template":"","format":"standard","meta":{"footnotes":""},"categories":[2817],"tags":[1111,11,1997,4304,63269,1777,674,1011,27,5643,12,2219,3518,25,46939],"class_list":{"0":"post-511975","1":"post","2":"type-post","3":"status-publish","4":"format-standard","5":"has-post-thumbnail","7":"category-bordeaux","8":"tag-actu","9":"tag-actualites","10":"tag-bordeaux","11":"tag-carrefour","12":"tag-cauderan","13":"tag-eu","14":"tag-europe","15":"tag-fr","16":"tag-france","17":"tag-guerre-israel-hamas","18":"tag-news","19":"tag-nouvelle-aquitaine","20":"tag-palestine","21":"tag-republique-francaise","22":"tag-talence"},"share_on_mastodon":{"url":"https:\/\/pubeurope.com\/@fr\/115493439414563452","error":""},"_links":{"self":[{"href":"https:\/\/www.europesays.com\/fr\/wp-json\/wp\/v2\/posts\/511975","targetHints":{"allow":["GET"]}}],"collection":[{"href":"https:\/\/www.europesays.com\/fr\/wp-json\/wp\/v2\/posts"}],"about":[{"href":"https:\/\/www.europesays.com\/fr\/wp-json\/wp\/v2\/types\/post"}],"author":[{"embeddable":true,"href":"https:\/\/www.europesays.com\/fr\/wp-json\/wp\/v2\/users\/2"}],"replies":[{"embeddable":true,"href":"https:\/\/www.europesays.com\/fr\/wp-json\/wp\/v2\/comments?post=511975"}],"version-history":[{"count":0,"href":"https:\/\/www.europesays.com\/fr\/wp-json\/wp\/v2\/posts\/511975\/revisions"}],"wp:featuredmedia":[{"embeddable":true,"href":"https:\/\/www.europesays.com\/fr\/wp-json\/wp\/v2\/media\/511976"}],"wp:attachment":[{"href":"https:\/\/www.europesays.com\/fr\/wp-json\/wp\/v2\/media?parent=511975"}],"wp:term":[{"taxonomy":"category","embeddable":true,"href":"https:\/\/www.europesays.com\/fr\/wp-json\/wp\/v2\/categories?post=511975"},{"taxonomy":"post_tag","embeddable":true,"href":"https:\/\/www.europesays.com\/fr\/wp-json\/wp\/v2\/tags?post=511975"}],"curies":[{"name":"wp","href":"https:\/\/api.w.org\/{rel}","templated":true}]}}