{"id":511983,"date":"2025-11-04T21:02:22","date_gmt":"2025-11-04T21:02:22","guid":{"rendered":"https:\/\/www.europesays.com\/fr\/511983\/"},"modified":"2025-11-04T21:02:22","modified_gmt":"2025-11-04T21:02:22","slug":"roubaix-soeur-francoise-lezy-toujours-au-service-dans-sa-residence-seniors","status":"publish","type":"post","link":"https:\/\/www.europesays.com\/fr\/511983\/","title":{"rendered":"Roubaix. S\u0153ur Fran\u00e7oise L\u00e9zy toujours au service dans sa r\u00e9sidence seniors"},"content":{"rendered":"<p>            Par<br \/>\n        <strong><br \/>\n            <a href=\"https:\/\/actu.fr\/auteur\/annesophie-2\" title=\"Consulter tous les articles de Anne-Sophie Hourdeaux\" target=\"_blank\" rel=\"noopener\">Anne-Sophie Hourdeaux<\/a><br \/>\n        <\/strong><\/p>\n<p>        Publi\u00e9 le<\/p>\n<p>            4 nov. 2025 \u00e0 15h30        <\/p>\n<p><b>Cela fait 66\u00a0ans qu\u2019elle est religieuse\u2009! Fran\u00e7oise L\u00e9zy<\/b>, originaire de Leers pr\u00e8s de Wattrelos, a rejoint les sal\u00e9siennes de Don Bosco d\u00e8s 1959. Elle <b>habite la r\u00e9sidence autonomie Beaumont de Roubaix depuis 11\u00a0ans<\/b>. Et elle y est pr\u00e9sidente du club \u00e2ge d\u2019or depuis un an. \u00ab\u2009Mais je n\u2019aime pas le mot \u2018pr\u00e9sidente\u2019, je pr\u00e9f\u00e8re dire\u2009: \u2018au service\u2019\u2009!\u2009\u00bb confie-t-elle dans un grand sourire. Et elle le prouve en \u00e9tant<b> tr\u00e8s active<\/b>\u2009!<\/p>\n<p>\u00ab\u2009Tous les jours, c\u2019est 9\u2009h -17\u2009h au service\u2009!\u2009\u00bb<\/p>\n<p class=\" wall-content\">Nous l\u2019avons rencontr\u00e9e lors de l\u2019inauguration du nouvel \u00e9cran tactile de la r\u00e9sidence Beaumont de Roubaix. Malgr\u00e9 sa canne, elle n\u2019h\u00e9site pas \u00e0 aller chercher des chaises pour que tout le monde soit bien install\u00e9, \u00e0 servir les petits g\u00e2teaux, \u00e0 accueillir les nouveaux arrivants\u2026 Elle est comme \u00e7a, s\u0153ur Fran\u00e7oise\u2009!<\/p>\n<p class=\" wall-content\">\u00ab\u2009Tous les jours, de 9\u2009h \u00e0 17\u2009h, c\u2019est du temps donn\u00e9 aux autres. Je suis au service\u2009\u00bb r\u00e9sume-t-elle. Concr\u00e8tement, qu\u2019est-ce que cela veut dire\u2009? Laver la vaisselle, pr\u00e9parer les activit\u00e9s du club \u00e2ge d\u2019or, faire des d\u00e9corations \u00ab\u2009pour \u00e9gayer les repas avec des menus, des ronds de serviettes, des centres de tables\u2026\u2009\u00bb.<\/p>\n<p>    <img   decoding=\"async\" loading=\"lazy\" class=\"size-large\" src=\"https:\/\/www.europesays.com\/fr\/wp-content\/uploads\/2025\/11\/2f131e7cabf8633231e7cabf817231v-960x640.jpeg\" alt=\"soeur Fran\u00e7oise L\u00e9zy roubaix\" width=\"960\" height=\"640\"\/><br \/>\n    S\u0153ur Fran\u00e7oise lors de la pr\u00e9sentation du nouvel \u00e9cran tactile de la r\u00e9sidence Beaumont en octobre\u00a02025. \u00a9AS Hourdeaux\/Croix du Nord\u00ab\u2009J\u2019ai eu une belle vie\u2009\u00bb<\/p>\n<p class=\" wall-content\">Elle aime bricoler de ses mains, cela lui rappelle son m\u00e9tier d\u2019institutrice, d\u2019autant qu\u2019elle a gard\u00e9 tout son mat\u00e9riel, fait de multiples crayons de couleur, feutres, papiers\u2026 \u00ab\u2009J\u2019ai enseign\u00e9 aux petits pendant 47\u00a0ans, jusqu\u2019\u00e0 mes 65\u00a0ans\u2009! J\u2019ai parcouru la France\u2009: Fontainebleau, Thonon-les-Bains, Bordeaux, Paris, Lille et Roubaix\u2026 J\u2019ai eu une belle vie\u2009!\u2009\u00bb Elle a travaill\u00e9 dans des \u00e9coles tenues par sa congr\u00e9gation, notamment \u00e0 Marie-Auxiliatrice \u00e0 Roubaix, en primaire, maternelle et aussi en classe de 6e \u00ab\u2009transition\u2009\u00bb comme on disait \u00e0 l\u2019\u00e9poque, pour les \u00e9l\u00e8ves \u00e0 besoins sp\u00e9cifiques.<\/p>\n<p class=\" wall-content\">\u00c0 la r\u00e9sidence seniors, elle a un appartement d\u2019une trentaine de m2. \u00ab\u2009On est bien ici\u2009!\u2009\u00bb Avec son ordinateur, elle reste en lien avec les religieuses de sa congr\u00e9gation\u2009: \u00ab\u2009La communaut\u00e9 de Rome a re\u00e7u le pape L\u00e9on XIV. Je l\u2019ai vu de pr\u00e8s, \u00e0 travers l\u2019\u00e9cran, en visio\u2009!\u2009\u00bb se r\u00e9jouit-elle.<\/p>\n<p class=\" wall-content\">Elle pr\u00e9pare d\u00e9j\u00e0 les f\u00eates de No\u00ebl avec un grand repas et des cadeaux aux adh\u00e9rents du club \u00e2ge d\u2019or. Son souci, \u00ab\u2009c\u2019est de cr\u00e9er des liens fraternels dans la r\u00e9sidence, faire en sorte que les gens sortent de leur chambre, ce n\u2019est pas facile\u2026\u2009\u00bb<\/p>\n<p>Votre r\u00e9gion, votre actu !<\/p>\n<p>Recevez chaque jour les infos qui comptent pour vous.<\/p>\n<p>\t<a href=\"https:\/\/actu.fr\/newsletter\" class=\"ac-btn ac-btn--corner ac-btn--medium ac-btn--blue800\" target=\"_blank\" rel=\"noopener\">S&rsquo;incrire<\/a><\/p>\n<p class=\" wall-content\">Tous les mois, elle pr\u00e9pare une c\u00e9l\u00e9bration spirituelle, \u00ab\u2009en attendant le pr\u00eatre qui vient dire la messe tous les deux mois sur place\u2009\u00bb. Et ce n\u2019est pas fini\u2009: elle prend notes de tous les \u00e9v\u00e9nements de la r\u00e9sidence pour proposer un journal interne, \u00ab\u2009La gazette de Beaumont\u2009\u00bb une \u00e0 deux fois par an\u2009!<\/p>\n<p class=\" wall-content\">Dans cette effervescence, la seule pause qu\u2019elle effectue dans sa journ\u00e9e, c\u2019est le midi, \u00ab\u2009car j\u2019ai mang\u00e9 \u00e0 la cantine pendant 47\u00a0ans, alors je pr\u00e9f\u00e8re cuisiner maintenant\u2009!\u2009\u00bb rit-elle encore.<\/p>\n<p>Aimer ce que je fais<\/p>\n<p class=\" wall-content\">Elle ne fait pas que rester \u00e0 la r\u00e9sidence\u2009: elle prend souvent le bus pour visiter son fr\u00e8re notamment.<\/p>\n<p class=\" wall-content\">Son secret\u2009? \u00ab\u2009C\u2019est aimer ce que je fais, et j\u2019aime faire plaisir\u2009!\u2009\u00bb dit-elle dans un grand sourire.<\/p>\n<p class=\" wall-content\">Elle a d\u00e9j\u00e0 programm\u00e9 son d\u00e9part \u00e0 Marseille dans l\u2019Ehpad de sa congr\u00e9gation dans 2\u00a0ans.<\/p>\n<p class=\" wall-content\">Personnalisez votre actualit\u00e9 en ajoutant vos villes et m\u00e9dias en favori avec <a href=\"https:\/\/moncompte.actu.fr\" title=\"D\u00e9couvez Mon Actu\" rel=\"nofollow noopener\" data-trk=\"{&quot;cta&quot;:{&quot;action&quot;:&quot;https:\\\/\\\/moncompte.actu.fr&quot;,&quot;category&quot;:&quot;mon compte&quot;,&quot;from&quot;:&quot;article footer&quot;,&quot;name&quot;:&quot;Mon actu&quot;,&quot;type&quot;:&quot;cta&quot;}}\" target=\"_blank\">Mon Actu<\/a>.<\/p>\n","protected":false},"excerpt":{"rendered":"Par Anne-Sophie Hourdeaux Publi\u00e9 le 4 nov. 2025 \u00e0 15h30 Cela fait 66\u00a0ans qu\u2019elle est religieuse\u2009! Fran\u00e7oise L\u00e9zy,&hellip;\n","protected":false},"author":2,"featured_media":511984,"comment_status":"","ping_status":"","sticky":false,"template":"","format":"standard","meta":{"footnotes":""},"categories":[2815],"tags":[1111,11,1777,674,1011,27,811,1307,12,4020,25,3552,104],"class_list":{"0":"post-511983","1":"post","2":"type-post","3":"status-publish","4":"format-standard","5":"has-post-thumbnail","7":"category-lille","8":"tag-actu","9":"tag-actualites","10":"tag-eu","11":"tag-europe","12":"tag-fr","13":"tag-france","14":"tag-hauts-de-france","15":"tag-lille","16":"tag-news","17":"tag-religion","18":"tag-republique-francaise","19":"tag-seniors","20":"tag-societe"},"share_on_mastodon":{"url":"https:\/\/pubeurope.com\/@fr\/115493454240545105","error":""},"_links":{"self":[{"href":"https:\/\/www.europesays.com\/fr\/wp-json\/wp\/v2\/posts\/511983","targetHints":{"allow":["GET"]}}],"collection":[{"href":"https:\/\/www.europesays.com\/fr\/wp-json\/wp\/v2\/posts"}],"about":[{"href":"https:\/\/www.europesays.com\/fr\/wp-json\/wp\/v2\/types\/post"}],"author":[{"embeddable":true,"href":"https:\/\/www.europesays.com\/fr\/wp-json\/wp\/v2\/users\/2"}],"replies":[{"embeddable":true,"href":"https:\/\/www.europesays.com\/fr\/wp-json\/wp\/v2\/comments?post=511983"}],"version-history":[{"count":0,"href":"https:\/\/www.europesays.com\/fr\/wp-json\/wp\/v2\/posts\/511983\/revisions"}],"wp:featuredmedia":[{"embeddable":true,"href":"https:\/\/www.europesays.com\/fr\/wp-json\/wp\/v2\/media\/511984"}],"wp:attachment":[{"href":"https:\/\/www.europesays.com\/fr\/wp-json\/wp\/v2\/media?parent=511983"}],"wp:term":[{"taxonomy":"category","embeddable":true,"href":"https:\/\/www.europesays.com\/fr\/wp-json\/wp\/v2\/categories?post=511983"},{"taxonomy":"post_tag","embeddable":true,"href":"https:\/\/www.europesays.com\/fr\/wp-json\/wp\/v2\/tags?post=511983"}],"curies":[{"name":"wp","href":"https:\/\/api.w.org\/{rel}","templated":true}]}}