{"id":511987,"date":"2025-11-04T21:04:12","date_gmt":"2025-11-04T21:04:12","guid":{"rendered":"https:\/\/www.europesays.com\/fr\/511987\/"},"modified":"2025-11-04T21:04:12","modified_gmt":"2025-11-04T21:04:12","slug":"martine-vassal-dvd-investie-par-le-parti-horizons","status":"publish","type":"post","link":"https:\/\/www.europesays.com\/fr\/511987\/","title":{"rendered":"Martine Vassal (DVD) investie par le parti Horizons"},"content":{"rendered":"<p>Horizons a officiellement investi Martine Vassal pour les municipales de mars\u00a02026. Ce mardi 4\u00a0novembre, la commission d\u2019investiture s\u2019est prononc\u00e9e \u00ab\u00a0\u00e0 l\u2019unanimit\u00e9 de ses membres\u00a0\u00bb en faveur d\u2019un soutien \u00e0 la candidate d\u2019union de la droite et du centre pour les prochaines \u00e9ch\u00e9ances \u00e9lectorales \u00e0 Marseille.<\/p>\n<p>\u00ab\u00a0L\u2019ensemble des adh\u00e9rents d\u2019Horizons Marseille se f\u00e9licitent de cette investiture d\u2019union et seront \u00e0 ses c\u00f4t\u00e9s tout au long de cette campagne, pour les Marseillaises et les Marseillais, autour d\u2019un projet ambitieux et rassembleur pour notre ville\u00a0\u00bb, affirme le comit\u00e9 Horizons Marseille, <a href=\"https:\/\/www.laprovence.com\/article\/politique\/2247750987745815\/union-de-la-droite-a-marseille-bruno-gilles-de-retour-en-premiere-ligne-aupres-de-martine-vassal\" target=\"_blank\" rel=\"noopener\">dirig\u00e9 par l\u2019ancien s\u00e9nateur et maire de secteur, Bruno Gilles<\/a>.<\/p>\n<p>\u00ab\u00a0L\u2019union fait la force\u00a0!\u00a0\u00bb<\/p>\n<p>Localement, Martine Vassal s\u2019\u00e9tait d\u00e9j\u00e0 assur\u00e9 le soutien des cadres du <a href=\"https:\/\/www.laprovence.com\/article\/region\/2553964647350214\/a-marseille-martine-vassal-saffiche-au-cote-dedouard-philippe\" target=\"_blank\" rel=\"noopener\">parti d\u2019\u00c9douard Philippe<\/a>, Bruno Gilles, son ex-rival aux municipales de\u00a02020, et la conseill\u00e8re municipale et r\u00e9gionale Isabelle Campagnola-Savon, co-responsable du parti dans les Bouches-du-Rh\u00f4ne avec le maire d\u2019Arles, Patrick de Carolis.<\/p>\n<p>Martine Vassal \u00e9tait \u00e9galement intervenue <a href=\"https:\/\/www.laprovence.com\/article\/politique\/3078435436246414\/au-meeting-d-edouard-philippe-muselier-en-profite-pour-pousser-vassal-vers-la-mairie-de-marseille\" target=\"_blank\" rel=\"noopener\">\u00e0 la tribune du congr\u00e8s r\u00e9gional organis\u00e9 par Horizons<\/a>, au printemps dernier, au parc Chanot.<\/p>\n<p>\u00ab\u00a0Merci mon cher \u00c9douard Philippe pour la confiance accord\u00e9e\u00a0\u00bb, a salu\u00e9 Martine Vassal sur le r\u00e9seau social X avant de conclure\u00a0: \u00ab\u00a0L\u2019union fait la force\u00a0!\u00a0\u00bb<\/p>\n<p>Ce faisant, la candidate aux municipales r\u00e9ussit la passe de deux\u00a0: le 23\u00a0septembre, elle avait d\u00e9j\u00e0 re\u00e7u <a href=\"https:\/\/www.laprovence.com\/article\/politique\/7408176530221814\/municipales-2026-a-marseille-martine-vassal-investie-par-lr\" target=\"_blank\" rel=\"noopener\">le soutien du parti Les R\u00e9publicains<\/a> en vue des municipales. Parmi les autres partis du \u00ab\u00a0socle commun\u00a0\u00bb, lui reste d\u00e9sormais \u00e0 d\u00e9crocher l\u2019investiture de Renaissance.<\/p>\n<p>Le parti pr\u00e9sid\u00e9 par l\u2019ancien Premier ministre Gabriel Attal ne s\u2019est toujours pas prononc\u00e9 sur le cas de Marseille. Mais l\u00e0 aussi, elle b\u00e9n\u00e9ficie <a href=\"https:\/\/www.laprovence.com\/article\/elections\/7290396181831714\/municipales-2026-a-marseille-martine-vassal-passe-un-accord-avec-renaissance\" target=\"_blank\" rel=\"noopener\">d\u00e9j\u00e0 d\u2019un accord avec les cadres marseillais<\/a> du mouvement, repr\u00e9sent\u00e9 en Paca par le pr\u00e9sident de R\u00e9gion, Renaud Muselier.<\/p>\n","protected":false},"excerpt":{"rendered":"Horizons a officiellement investi Martine Vassal pour les municipales de mars\u00a02026. Ce mardi 4\u00a0novembre, la commission d\u2019investiture s\u2019est&hellip;\n","protected":false},"author":2,"featured_media":511988,"comment_status":"","ping_status":"","sticky":false,"template":"","format":"standard","meta":{"footnotes":""},"categories":[2814],"tags":[17,5734,1111,11,2933,1777,674,1011,27,51274,884,10203,3554,12,316,882,25,14243],"class_list":{"0":"post-511987","1":"post","2":"type-post","3":"status-publish","4":"format-standard","5":"has-post-thumbnail","7":"category-marseille","8":"tag-17","9":"tag-5734","10":"tag-actu","11":"tag-actualites","12":"tag-dvd","13":"tag-eu","14":"tag-europe","15":"tag-fr","16":"tag-france","17":"tag-investie","18":"tag-marseille","19":"tag-martine","20":"tag-municipales","21":"tag-news","22":"tag-politique","23":"tag-provence-alpes-cote-dazur","24":"tag-republique-francaise","25":"tag-vassal"},"share_on_mastodon":{"url":"https:\/\/pubeurope.com\/@fr\/115493461311265726","error":""},"_links":{"self":[{"href":"https:\/\/www.europesays.com\/fr\/wp-json\/wp\/v2\/posts\/511987","targetHints":{"allow":["GET"]}}],"collection":[{"href":"https:\/\/www.europesays.com\/fr\/wp-json\/wp\/v2\/posts"}],"about":[{"href":"https:\/\/www.europesays.com\/fr\/wp-json\/wp\/v2\/types\/post"}],"author":[{"embeddable":true,"href":"https:\/\/www.europesays.com\/fr\/wp-json\/wp\/v2\/users\/2"}],"replies":[{"embeddable":true,"href":"https:\/\/www.europesays.com\/fr\/wp-json\/wp\/v2\/comments?post=511987"}],"version-history":[{"count":0,"href":"https:\/\/www.europesays.com\/fr\/wp-json\/wp\/v2\/posts\/511987\/revisions"}],"wp:featuredmedia":[{"embeddable":true,"href":"https:\/\/www.europesays.com\/fr\/wp-json\/wp\/v2\/media\/511988"}],"wp:attachment":[{"href":"https:\/\/www.europesays.com\/fr\/wp-json\/wp\/v2\/media?parent=511987"}],"wp:term":[{"taxonomy":"category","embeddable":true,"href":"https:\/\/www.europesays.com\/fr\/wp-json\/wp\/v2\/categories?post=511987"},{"taxonomy":"post_tag","embeddable":true,"href":"https:\/\/www.europesays.com\/fr\/wp-json\/wp\/v2\/tags?post=511987"}],"curies":[{"name":"wp","href":"https:\/\/api.w.org\/{rel}","templated":true}]}}