{"id":511989,"date":"2025-11-04T21:05:12","date_gmt":"2025-11-04T21:05:12","guid":{"rendered":"https:\/\/www.europesays.com\/fr\/511989\/"},"modified":"2025-11-04T21:05:12","modified_gmt":"2025-11-04T21:05:12","slug":"debats-tables-rondes-les-nouvelles-rencontres-daverroes-se-preparent-a-marseille","status":"publish","type":"post","link":"https:\/\/www.europesays.com\/fr\/511989\/","title":{"rendered":"d\u00e9bats, tables rondes, \u00ab\u00a0Les nouvelles rencontres d&rsquo;Averro\u00e8s\u00a0\u00bb se pr\u00e9parent \u00e0 Marseille"},"content":{"rendered":"<p>\u00ab\u00a0Prendre langue, se parler\u00a0\u00bb. C\u2019est le th\u00e8me qui a \u00e9t\u00e9 choisi pour la prochaine \u00e9dition des Nouvelles rencontres d\u2019Averro\u00e8s qui se d\u00e9rouleront du jeudi\u00a020 au dimanche 23\u00a0novembre \u00e0 La Cri\u00e9e et \u00e0 L\u2019Espace Julien. La promesse d\u2019un \u00e9change entre citoyens et personnalit\u00e9s qui prendra la forme de d\u00e9bats, tables rondes et masterclasses.<\/p>\n<p>Avec Marseille pour point d\u2019ancrage, la M\u00e9diterran\u00e9e pour horizon et le monde pour r\u00e9sonance, \u00ab\u00a0Les rencontres d\u2019Averro\u00e8s, c\u2019est toujours <a href=\"https:\/\/www.laprovence.com\/article\/culture-loisirs\/2369715667265214\/nouvelles-rencontres-d-averroes-a-marseille-des-rencontres-et-des-soirees-pour-penser-la-mediterranee\" target=\"_blank\" rel=\"noopener\">un \u00e9v\u00e9nement \u00e0 la crois\u00e9e des sciences humaines et des arts<\/a>\u00a0qui a pour ambition d\u2019\u00e9clairer les mutations du monde m\u00e9diterran\u00e9en \u00e0 travers une pluralit\u00e9 de disciplines et de regards. Une M\u00e9diterran\u00e9e qui est parcourue, essor\u00e9e m\u00eame par les turbulences, les chaos de notre \u00e9poque, mais porteuse aussi d\u2019espoirs de possibles et d\u2019inventivit\u00e9\u00a0\u00bb, explique Fabienne Pavia, codirectrice de Des livres comme des id\u00e9es et membre de l\u2019\u00e9quipe des Nouvelles rencontres d\u2019Averro\u00e8s. \u00ab\u00a0Sans dialogue, sans communication, sans pont, c\u2019est l\u2019obscurantisme, c\u2019est le racisme et le fascisme\u00a0\u00bb, intervient Christophe Madrolle, conseiller r\u00e9gional, qui souligne l\u2019importance de la tenue de ce festival de r\u00e9flexion.<\/p>\n<p>Converser, n\u00e9gocier, traduire<\/p>\n<p>Au programme&#8230;<\/p>\n","protected":false},"excerpt":{"rendered":"\u00ab\u00a0Prendre langue, se parler\u00a0\u00bb. C\u2019est le th\u00e8me qui a \u00e9t\u00e9 choisi pour la prochaine \u00e9dition des Nouvelles rencontres&hellip;\n","protected":false},"author":2,"featured_media":511990,"comment_status":"","ping_status":"","sticky":false,"template":"","format":"standard","meta":{"footnotes":""},"categories":[2814],"tags":[17,1111,11,251,13946,1777,674,1011,27,15018,151,884,12,17483,4571,882,25,63270,32160],"class_list":{"0":"post-511989","1":"post","2":"type-post","3":"status-publish","4":"format-standard","5":"has-post-thumbnail","7":"category-marseille","8":"tag-17","9":"tag-actu","10":"tag-actualites","11":"tag-culture","12":"tag-debats","13":"tag-eu","14":"tag-europe","15":"tag-fr","16":"tag-france","17":"tag-langue","18":"tag-les","19":"tag-marseille","20":"tag-news","21":"tag-parler","22":"tag-prendre","23":"tag-provence-alpes-cote-dazur","24":"tag-republique-francaise","25":"tag-rondes","26":"tag-tables"},"share_on_mastodon":{"url":"https:\/\/pubeurope.com\/@fr\/115493465197909428","error":""},"_links":{"self":[{"href":"https:\/\/www.europesays.com\/fr\/wp-json\/wp\/v2\/posts\/511989","targetHints":{"allow":["GET"]}}],"collection":[{"href":"https:\/\/www.europesays.com\/fr\/wp-json\/wp\/v2\/posts"}],"about":[{"href":"https:\/\/www.europesays.com\/fr\/wp-json\/wp\/v2\/types\/post"}],"author":[{"embeddable":true,"href":"https:\/\/www.europesays.com\/fr\/wp-json\/wp\/v2\/users\/2"}],"replies":[{"embeddable":true,"href":"https:\/\/www.europesays.com\/fr\/wp-json\/wp\/v2\/comments?post=511989"}],"version-history":[{"count":0,"href":"https:\/\/www.europesays.com\/fr\/wp-json\/wp\/v2\/posts\/511989\/revisions"}],"wp:featuredmedia":[{"embeddable":true,"href":"https:\/\/www.europesays.com\/fr\/wp-json\/wp\/v2\/media\/511990"}],"wp:attachment":[{"href":"https:\/\/www.europesays.com\/fr\/wp-json\/wp\/v2\/media?parent=511989"}],"wp:term":[{"taxonomy":"category","embeddable":true,"href":"https:\/\/www.europesays.com\/fr\/wp-json\/wp\/v2\/categories?post=511989"},{"taxonomy":"post_tag","embeddable":true,"href":"https:\/\/www.europesays.com\/fr\/wp-json\/wp\/v2\/tags?post=511989"}],"curies":[{"name":"wp","href":"https:\/\/api.w.org\/{rel}","templated":true}]}}