{"id":51199,"date":"2025-04-25T07:30:22","date_gmt":"2025-04-25T07:30:22","guid":{"rendered":"https:\/\/www.europesays.com\/fr\/51199\/"},"modified":"2025-04-25T07:30:22","modified_gmt":"2025-04-25T07:30:22","slug":"sophie-maries-au-premier-regard-2025-au-bord-de-la-rupture-avec-guillaume-dans-le-prochain-episode-deja-disponible","status":"publish","type":"post","link":"https:\/\/www.europesays.com\/fr\/51199\/","title":{"rendered":"Sophie (Mari\u00e9s au premier regard 2025) au bord de la rupture avec Guillaume dans le prochain \u00e9pisode d\u00e9j\u00e0 disponible"},"content":{"rendered":"<p>Dans l&rsquo;\u00e9pisode 9 de Mari\u00e9s au premier regard 2025 diffus\u00e9 lundi 28 avril sur M6, et d\u00e9j\u00e0 disponible sur la plateforme M6+, Sophie et Guillaume vont avoir une conversation importante. La jeune femme ne supporte plus le comportement de son mari, qui n&rsquo;a plus rien \u00e0 voir avec celui qu&rsquo;il avait le jour du mariage&#8230; Quitte \u00e0 rompre avec lui ? Attention, spoilers !<\/p>\n<p>Dans le prochain \u00e9pisode de la saison 9 de Mari\u00e9s au premier regard, diffus\u00e9 le 28 avril prochain sur M6 mais d\u00e9j\u00e0 visible sur M6+, Sophie d\u00e9cide de s&rsquo;expliquer avec Guillaume. Alors que <a href=\"https:\/\/www.programme-tv.net\/news\/tele-realite\/374902-je-sens-qu-il-y-a-un-truc-qui-ne-va-pas-sophie-et-guillaume-maries-au-premier-regard-2025-se-sont-ils-dit-oui-dans-le-prochain-episode-on-a-la-reponse\/\" data-api-deeplink=\"teleloisirs:\/\/news\/374902\" rel=\"nofollow noopener\" target=\"_blank\">ce dernier \u00e9tait enjou\u00e9 le jour de son mariage<\/a>, son comportement a chang\u00e9 d\u00e8s la nuit de noces. <b>Lui, qui \u00e9tait tactile, et attentionn\u00e9, est devenu froid et distant<\/b>, ce que sa femme n&rsquo;a pas du tout compris. Alors que Sophie lui racontait son tragique pass\u00e9 avec son ex-compagnon et les violences qu&rsquo;elle a subi, <a href=\"https:\/\/www.programme-tv.net\/news\/tele-realite\/375568-sophie-maries-au-premier-regard-2025-se-confie-a-guillaume-sur-les-violences-qu-elle-a-subies-sa-reaction-la-decoit-c-est-comme-si-javais-un-mur-en-face-de-moi\/\" data-api-deeplink=\"teleloisirs:\/\/news\/375568\" rel=\"nofollow noopener\" target=\"_blank\">Guillaume n&rsquo;a montr\u00e9 aucun signe de compassion<\/a>, ce qui a perturb\u00e9 la jeune mari\u00e9e. <b>Attention, la suite de cet article contient des spoilers !<\/b><\/p>\n<p>\u00ab\u00a0\u00c7a m&rsquo;a fait du mal de ouf\u00a0\u00bb : Sophie (Mari\u00e9s au premier regard 2025) d\u00e9cide de dire ce qu&rsquo;elle a sur le c\u0153ur \u00e0 Guillaume<\/p>\n<p>Attrist\u00e9e par la situation, Sophie d\u00e9cide de profiter de ce pique-nique pour mettre les choses \u00e0 plat avec Guillaume.<a href=\"https:\/\/www.programme-tv.net\/news\/tele-realite\/377186-j-ai-eu-peur-pour-moi-sophie-maries-au-premier-regard-evoque-les-terribles-violences-dont-elle-a-ete-victime-avant-son-mariage-avec-guillaume\/\" data-api-deeplink=\"teleloisirs:\/\/news\/377186\" rel=\"nofollow noopener\" target=\"_blank\"> La jeune femme \u00ab\u00a0ne veut plus subir\u00a0\u00bb<\/a>. Alors que le mari\u00e9 lui demande ce qu&rsquo;elle veut lui dire, elle lui r\u00e9pond : \u00ab\u00a0Tellement de choses. Je ne sais m\u00eame pas par o\u00f9 commencer. <b>Je pense qu&rsquo;il y a plein de choses que tu m&rsquo;as dites que j&rsquo;ai encaiss\u00e9. En fait, \u00e7a m&rsquo;a fait du mal, de ouf. Je suis en col\u00e8re contre toi<\/b>\u00ab\u00a0. La danseuse est perdue, elle ne sait pas comment agir avec son mari qui ne cesse de changer de comportement. \u00ab\u00a0J&rsquo;ai l&rsquo;impression que tu n&rsquo;as pas essay\u00e9\u00a0\u00bb, lui reproche-t-elle.<\/p>\n<p>                        \u00ab\u00a0Je m\u00e9rite quelqu&rsquo;un qui a envie d&rsquo;\u00eatre avec moi\u00a0\u00bb : Sophie (MAPR 2025) ne veut plus subir ses relations<\/p>\n<p>Pour Sophie, Guillaume ne fait aucun effort et <a href=\"https:\/\/www.programme-tv.net\/news\/tele-realite\/377306-ca-blesse-j-encaisse-sophie-maries-au-premier-regard-2025-decue-par-les-propos-de-guillaume-dans-le-prochain-episode-a-voir-des-maintenant\/\" data-api-deeplink=\"teleloisirs:\/\/news\/377306\" rel=\"nofollow noopener\" target=\"_blank\">ne cesse de lui dire des choses blessantes hors cam\u00e9ra<\/a>. Ce qui la blesse c&rsquo;est qu&rsquo;<b>\u00ab\u00a0\u00e0 aucun moment, tu as \u00e9t\u00e9 l\u00e0 \u00e0 te soucier de ce que je ressentais, de ce que \u00e7a pouvait faire de se prendre en pleine gueule que physiquement, je ne te conviens pas\u00a0\u00bb<\/b>. La jeune femme ne supporte plus les r\u00e9flexions de son mari tel que : \u00ab\u00a0Si \u00e7a ne marche pas, dans tous les cas, ce n&rsquo;est pas grave. Au pire, on peut se revoir. Je te pr\u00e9sente des potes \u00e0 moi, tu me pr\u00e9sentes tes copines danseuses\u00a0\u00bb. Le jeune homme finit enfin par lui dire ce qu&rsquo;il pense : \u00ab\u00a0Le sentiment amoureux, je sais qu&rsquo;il ne peut pas na\u00eetre\u00a0\u00bb. Elle en a marre. \u00ab\u00a0Je m\u00e9rite quelqu&rsquo;un qui a envie d&rsquo;\u00eatre avec moi\u00a0\u00bb lui dit-elle. C&rsquo;est le c\u0153ur lourd qu&rsquo;elle annonce : \u00ab\u00a0On n\u2019est pas fait l&rsquo;un pour l&rsquo;autre\u00a0\u00bb. La jeune femme est plus forte, mais leur aventure prendra-t-elle fin dans les prochains \u00e9pisodes ?<\/p>\n","protected":false},"excerpt":{"rendered":"Dans l&rsquo;\u00e9pisode 9 de Mari\u00e9s au premier regard 2025 diffus\u00e9 lundi 28 avril sur M6, et d\u00e9j\u00e0 disponible&hellip;\n","protected":false},"author":2,"featured_media":51200,"comment_status":"","ping_status":"","sticky":false,"template":"","format":"standard","meta":{"footnotes":""},"categories":[1356],"tags":[5635,244,58,59,1011,27,5212,494,5214,5213,252,1364],"class_list":{"0":"post-51199","1":"post","2":"type-post","3":"status-publish","4":"format-standard","5":"has-post-thumbnail","7":"category-television","8":"tag-6play","9":"tag-commentaire","10":"tag-divertissement","11":"tag-entertainment","12":"tag-fr","13":"tag-france","14":"tag-guillaume-mariu00e9s-au-premier-regard-9","15":"tag-m6","16":"tag-mariu00e9s-au-premier-regard","17":"tag-sophie-mariu00e9s-au-premier-regard-9","18":"tag-television","19":"tag-tv"},"share_on_mastodon":{"url":"https:\/\/pubeurope.com\/@fr\/114397434559306594","error":""},"_links":{"self":[{"href":"https:\/\/www.europesays.com\/fr\/wp-json\/wp\/v2\/posts\/51199","targetHints":{"allow":["GET"]}}],"collection":[{"href":"https:\/\/www.europesays.com\/fr\/wp-json\/wp\/v2\/posts"}],"about":[{"href":"https:\/\/www.europesays.com\/fr\/wp-json\/wp\/v2\/types\/post"}],"author":[{"embeddable":true,"href":"https:\/\/www.europesays.com\/fr\/wp-json\/wp\/v2\/users\/2"}],"replies":[{"embeddable":true,"href":"https:\/\/www.europesays.com\/fr\/wp-json\/wp\/v2\/comments?post=51199"}],"version-history":[{"count":0,"href":"https:\/\/www.europesays.com\/fr\/wp-json\/wp\/v2\/posts\/51199\/revisions"}],"wp:featuredmedia":[{"embeddable":true,"href":"https:\/\/www.europesays.com\/fr\/wp-json\/wp\/v2\/media\/51200"}],"wp:attachment":[{"href":"https:\/\/www.europesays.com\/fr\/wp-json\/wp\/v2\/media?parent=51199"}],"wp:term":[{"taxonomy":"category","embeddable":true,"href":"https:\/\/www.europesays.com\/fr\/wp-json\/wp\/v2\/categories?post=51199"},{"taxonomy":"post_tag","embeddable":true,"href":"https:\/\/www.europesays.com\/fr\/wp-json\/wp\/v2\/tags?post=51199"}],"curies":[{"name":"wp","href":"https:\/\/api.w.org\/{rel}","templated":true}]}}