{"id":511991,"date":"2025-11-04T21:06:15","date_gmt":"2025-11-04T21:06:15","guid":{"rendered":"https:\/\/www.europesays.com\/fr\/511991\/"},"modified":"2025-11-04T21:06:15","modified_gmt":"2025-11-04T21:06:15","slug":"la-ville-de-villeurbanne-interdit-bonbonnes-et-cartouches-dans-les-rues","status":"publish","type":"post","link":"https:\/\/www.europesays.com\/fr\/511991\/","title":{"rendered":"la Ville de Villeurbanne interdit bonbonnes et cartouches dans les rues"},"content":{"rendered":"<p>Dans un\u00a0arr\u00eat\u00e9 municipal dat\u00e9 du 13 octobre 2025, le maire\u00a0C\u00e9dric Van Stevendael\u00a0interdit d\u00e9sormais \u00ab\u00a0\u00e0 toute personne, mineure comme majeure, la d\u00e9tention et le port dans l\u2019espace public de cartouches ou bonbonnes d\u00e9passant la contenance maximale autoris\u00e9e par la r\u00e9glementation nationale, soit 8,6 g par cartouche.\u00a0\u00bb<\/p>\n<p>L\u2019usage d\u00e9tourn\u00e9 de ce gaz, initialement destin\u00e9 \u00e0 un usage\u00a0m\u00e9dical ou alimentaire, s\u2019est multipli\u00e9 ces derni\u00e8res ann\u00e9es pour ses\u00a0effets euphorisants. La municipalit\u00e9 rappelle que le\u00a0protoxyde d\u2019azote\u00a0\u00ab\u00a0peut avoir, selon l\u2019Observatoire fran\u00e7ais des drogues et des toxicomanies, de graves cons\u00e9quences sur la sant\u00e9 : troubles neurologiques et cardiaques, perte de coordination, confusion, hallucinations, risque d\u2019asphyxie ou de br\u00fblures internes dues au froid du gaz.\u00a0\u00bb<\/p>\n<p>Un ph\u00e9nom\u00e8ne jug\u00e9 \u00ab\u00a0inqui\u00e9tant\u00a0\u00bb sur le territoire communal<\/p>\n<p>L\u2019arr\u00eat\u00e9 justifie ce renforcement par la multiplication des constats sur le terrain. Il souligne que \u00ab\u00a0ce ph\u00e9nom\u00e8ne prend des proportions inqui\u00e9tantes sur le territoire communal eu \u00e9gard aux constats faits par la police municipale ainsi que par les partenaires de la ville de Villeurbanne.\u00a0\u00bb<br \/>Le texte \u00e9voque \u00e9galement des\u00a0\u00ab\u00a0nuisances sonores constitutives de troubles de voisinage\u00a0\u00bb\u00a0et le\u00a0risque li\u00e9 \u00e0 \u00ab\u00a0l\u2019abandon de bonbonnes ou cartouches sur la voie publique et dans les parcs et jardins ouverts au public\u00a0\u00bb, rappelant que ces d\u00e9chets pr\u00e9sentent un\u00a0\u00ab\u00a0caract\u00e8re explosif.\u00a0\u00bb<\/p>\n<p><strong>Des interdictions strictes et des sanctions pr\u00e9vues<\/strong><\/p>\n<p>Jusqu\u2019au\u00a01er novembre 2026, l\u2019usage d\u00e9tourn\u00e9 du protoxyde d\u2019azote \u00e0 des fins r\u00e9cr\u00e9atives ou incendiaires\u00a0est interdit dans l\u2019espace public.<br \/>Sont \u00e9galement proscrits :\u00a0\u00ab\u00a0la d\u00e9tention ou le port de cartouches contenant plus de\u00a08,6 g\u00a0de gaz, le transport d\u2019un conditionnement d\u00e9passant\u00a010 cartouches\u00a0et, pour les\u00a0mineurs, la possession de toute cartouche, quel qu\u2019en soit le poids.\u00a0\u00bb<\/p>\n<p>Les agents de la\u00a0Police municipale\u00a0et de la\u00a0Force publique\u00a0pourront saisir le mat\u00e9riel et \u00ab\u00a0le remettre au repr\u00e9sentant l\u00e9gal du mineur consommateur ou d\u00e9tenteur en les informant des risques li\u00e9s \u00e0 sa consommation.\u00a0\u00bb<\/p>\n<p>Le\u00a0d\u00e9p\u00f4t ou l\u2019abandon de bonbonnes\u00a0sur le domaine public est \u00e9galement interdit. Toute infraction \u00e0 cet arr\u00eat\u00e9 est\u00a0passible d\u2019une contravention de 35 euros.\u00a0<\/p>\n<p>La municipalit\u00e9 justifie aussi sa d\u00e9marche par des imp\u00e9ratifs de\u00a0\u00ab\u00a0sant\u00e9 publique, s\u00e9curit\u00e9 et cadre de vie.\u00a0\u00bb<\/p>\n<p>\u00ab\u00a0Ces usages d\u00e9tourn\u00e9s engendrent \u00e9galement des nuisances sonores, des troubles \u00e0 l\u2019ordre public et laissent de nombreuses bonbonnes abandonn\u00e9es dans les parcs, jardins et sur la voie publique,\u00a0\u00bb \u00e9crit la Ville.<\/p>\n<p>L\u2019arr\u00eat\u00e9, qui\u00a0abroge et remplace\u00a0celui du\u00a04 avril 2025, restera en vigueur jusqu\u2019au\u00a01er novembre 2026. Il a \u00e9t\u00e9\u00a0transmis \u00e0 la Pr\u00e9f\u00e8te du Rh\u00f4ne\u00a0et sera publi\u00e9 sur le\u00a0site internet de la Ville de Villeurbanne.<\/p>\n","protected":false},"excerpt":{"rendered":"Dans un\u00a0arr\u00eat\u00e9 municipal dat\u00e9 du 13 octobre 2025, le maire\u00a0C\u00e9dric Van Stevendael\u00a0interdit d\u00e9sormais \u00ab\u00a0\u00e0 toute personne, mineure comme&hellip;\n","protected":false},"author":2,"featured_media":511992,"comment_status":"","ping_status":"","sticky":false,"template":"","format":"standard","meta":{"footnotes":""},"categories":[1889],"tags":[1111,11,2813,2190,2430,1109,251,1112,2811,1777,674,118,1011,27,1922,1110,1114,2428,2810,12,241,316,25,2812,517,800],"class_list":{"0":"post-511991","1":"post","2":"type-post","3":"status-publish","4":"format-standard","5":"has-post-thumbnail","7":"category-lyon","8":"tag-actu","9":"tag-actualites","10":"tag-article","11":"tag-asvel","12":"tag-auvergne-rhone-alpes","13":"tag-breves","14":"tag-culture","15":"tag-depeches","16":"tag-economique","17":"tag-eu","18":"tag-europe","19":"tag-faits-divers","20":"tag-fr","21":"tag-france","22":"tag-info","23":"tag-informations","24":"tag-infos","25":"tag-lyon","26":"tag-lyonmag","27":"tag-news","28":"tag-ol","29":"tag-politique","30":"tag-republique-francaise","31":"tag-sociale","32":"tag-sport","33":"tag-transports"},"share_on_mastodon":{"url":"https:\/\/pubeurope.com\/@fr\/115493469217539789","error":""},"_links":{"self":[{"href":"https:\/\/www.europesays.com\/fr\/wp-json\/wp\/v2\/posts\/511991","targetHints":{"allow":["GET"]}}],"collection":[{"href":"https:\/\/www.europesays.com\/fr\/wp-json\/wp\/v2\/posts"}],"about":[{"href":"https:\/\/www.europesays.com\/fr\/wp-json\/wp\/v2\/types\/post"}],"author":[{"embeddable":true,"href":"https:\/\/www.europesays.com\/fr\/wp-json\/wp\/v2\/users\/2"}],"replies":[{"embeddable":true,"href":"https:\/\/www.europesays.com\/fr\/wp-json\/wp\/v2\/comments?post=511991"}],"version-history":[{"count":0,"href":"https:\/\/www.europesays.com\/fr\/wp-json\/wp\/v2\/posts\/511991\/revisions"}],"wp:featuredmedia":[{"embeddable":true,"href":"https:\/\/www.europesays.com\/fr\/wp-json\/wp\/v2\/media\/511992"}],"wp:attachment":[{"href":"https:\/\/www.europesays.com\/fr\/wp-json\/wp\/v2\/media?parent=511991"}],"wp:term":[{"taxonomy":"category","embeddable":true,"href":"https:\/\/www.europesays.com\/fr\/wp-json\/wp\/v2\/categories?post=511991"},{"taxonomy":"post_tag","embeddable":true,"href":"https:\/\/www.europesays.com\/fr\/wp-json\/wp\/v2\/tags?post=511991"}],"curies":[{"name":"wp","href":"https:\/\/api.w.org\/{rel}","templated":true}]}}