{"id":511993,"date":"2025-11-04T21:07:13","date_gmt":"2025-11-04T21:07:13","guid":{"rendered":"https:\/\/www.europesays.com\/fr\/511993\/"},"modified":"2025-11-04T21:07:13","modified_gmt":"2025-11-04T21:07:13","slug":"ouverture-des-preventes-le-6-novembre","status":"publish","type":"post","link":"https:\/\/www.europesays.com\/fr\/511993\/","title":{"rendered":"ouverture des pr\u00e9ventes le 6\u00a0novembre"},"content":{"rendered":"<p>Damso d\u00e9barque \u00e0 Lyon sur deux dates\u00a0! Les 20 et 21\u00a0mai 2026, le rappeur et chanteur belge sera sur la sc\u00e8ne de la LDLC Arena, \u00e0 D\u00e9cines-Charpieu, en raison de sa tourn\u00e9e intitul\u00e9e Beyah Tour. L\u2019ouverture des pr\u00e9ventes est fix\u00e9e au 6\u00a0novembre \u00e0 midi. La billetterie ouvrira quant \u00e0 elle le 7\u00a0novembre, soit le lendemain, \u00e0 midi \u00e9galement.<\/p>\n<p>  Une carri\u00e8re qui d\u00e9bute en 2006<\/p>\n<p>Consid\u00e9r\u00e9 comme faisant partie de la rel\u00e8ve du hip-hop fran\u00e7ais, Damso fait ses d\u00e9buts artistiques en 2006 et devient vite le prot\u00e9g\u00e9 d\u2019un autre artiste, <a href=\"https:\/\/www.leprogres.fr\/p\/booba\" target=\"_blank\" rel=\"nofollow noopener\">Booba<\/a>. Il gravit les \u00e9chelons jusqu\u2019\u00e0 devenir en 2020, le jour de la sortie de son album \u00ab\u00a0QALF\u00a0\u00bb, l\u2019artiste le plus stream\u00e9 au monde sur Spotify\u00a0: se pla\u00e7ant ainsi devant J Balvin, Drake ou encore <a href=\"https:\/\/www.leprogres.fr\/p\/justin-bieber\" target=\"_blank\" rel=\"nofollow noopener\">Justin Bieber<\/a>. Pour rappel, Damso n\u2019\u00e9tait pas venu \u00e0 Lyon depuis 2023, \u00e0 l\u2019occasion de l\u2019\u00e9co-festival Woodstower, organis\u00e9 alors au parc de Miribel.<\/p>\n","protected":false},"excerpt":{"rendered":"Damso d\u00e9barque \u00e0 Lyon sur deux dates\u00a0! Les 20 et 21\u00a0mai 2026, le rappeur et chanteur belge sera&hellip;\n","protected":false},"author":2,"featured_media":511994,"comment_status":"","ping_status":"","sticky":false,"template":"","format":"standard","meta":{"footnotes":""},"categories":[1889],"tags":[1111,11,2430,1687,33,2757,1777,674,107,1011,27,2428,2756,873,12,2661,25,104],"class_list":{"0":"post-511993","1":"post","2":"type-post","3":"status-publish","4":"format-standard","5":"has-post-thumbnail","7":"category-lyon","8":"tag-actu","9":"tag-actualites","10":"tag-auvergne-rhone-alpes","11":"tag-culture-loisirs","12":"tag-economie","13":"tag-edition-lyon-villeurbanne","14":"tag-eu","15":"tag-europe","16":"tag-fil-info","17":"tag-fr","18":"tag-france","19":"tag-lyon","20":"tag-lyon-bassin","21":"tag-musique","22":"tag-news","23":"tag-patrimoine-culturel","24":"tag-republique-francaise","25":"tag-societe"},"share_on_mastodon":{"url":"https:\/\/pubeurope.com\/@fr\/115493473025912712","error":""},"_links":{"self":[{"href":"https:\/\/www.europesays.com\/fr\/wp-json\/wp\/v2\/posts\/511993","targetHints":{"allow":["GET"]}}],"collection":[{"href":"https:\/\/www.europesays.com\/fr\/wp-json\/wp\/v2\/posts"}],"about":[{"href":"https:\/\/www.europesays.com\/fr\/wp-json\/wp\/v2\/types\/post"}],"author":[{"embeddable":true,"href":"https:\/\/www.europesays.com\/fr\/wp-json\/wp\/v2\/users\/2"}],"replies":[{"embeddable":true,"href":"https:\/\/www.europesays.com\/fr\/wp-json\/wp\/v2\/comments?post=511993"}],"version-history":[{"count":0,"href":"https:\/\/www.europesays.com\/fr\/wp-json\/wp\/v2\/posts\/511993\/revisions"}],"wp:featuredmedia":[{"embeddable":true,"href":"https:\/\/www.europesays.com\/fr\/wp-json\/wp\/v2\/media\/511994"}],"wp:attachment":[{"href":"https:\/\/www.europesays.com\/fr\/wp-json\/wp\/v2\/media?parent=511993"}],"wp:term":[{"taxonomy":"category","embeddable":true,"href":"https:\/\/www.europesays.com\/fr\/wp-json\/wp\/v2\/categories?post=511993"},{"taxonomy":"post_tag","embeddable":true,"href":"https:\/\/www.europesays.com\/fr\/wp-json\/wp\/v2\/tags?post=511993"}],"curies":[{"name":"wp","href":"https:\/\/api.w.org\/{rel}","templated":true}]}}