{"id":511999,"date":"2025-11-04T21:11:17","date_gmt":"2025-11-04T21:11:17","guid":{"rendered":"https:\/\/www.europesays.com\/fr\/511999\/"},"modified":"2025-11-04T21:11:17","modified_gmt":"2025-11-04T21:11:17","slug":"pourquoi-la-liberation-de-cecile-kohler-et-jacques-paris-nest-pas-definitive-selon-le-quai-dorsay","status":"publish","type":"post","link":"https:\/\/www.europesays.com\/fr\/511999\/","title":{"rendered":"Pourquoi la lib\u00e9ration de C\u00e9cile Kohler et Jacques Paris n\u2019est pas \u00ab d\u00e9finitive \u00bb, selon le Quai d\u2019Orsay"},"content":{"rendered":"<p class=\"mb-4 text-lg md:leading-8 break-words\">INTERNATIONAL &#8211; Loin d\u2019\u00eatre totalement libres. Les Fran\u00e7ais <a data-i13n=\"cpos:1;pos:1\" href=\"https:\/\/fr.news.yahoo.com\/c%C3%A9cile-kohler-jacques-paris-lourdement-121140851.html\" data-ylk=\"slk:C\u00e9cile Kohler;cpos:1;pos:1;elm:context_link;itc:0;sec:content-canvas;outcm:mb_qualified_link;_E:mb_qualified_link;ct:story;\" class=\"link  yahoo-link\" target=\"_blank\" rel=\"noopener\">C\u00e9cile Kohler<\/a> et Jacques Paris, d\u00e9tenus en Iran depuis trois ans et demi, accus\u00e9s d\u2019espionnage au profit des renseignements fran\u00e7ais et isra\u00e9lien, \u00ab sont sortis de la prison d\u2019Evin \u00bb, a annonc\u00e9 ce mardi 4 novembre au soir <a data-i13n=\"cpos:2;pos:1\" href=\"https:\/\/fr.news.yahoo.com\/emmanuel-macron-fait-retour-terrain-044509090.html\" data-ylk=\"slk:Emmanuel Macron;cpos:2;pos:1;elm:context_link;itc:0;sec:content-canvas;outcm:mb_qualified_link;_E:mb_qualified_link;ct:story;\" class=\"link  yahoo-link\" target=\"_blank\" rel=\"noopener\">Emmanuel Macron<\/a>. Le pr\u00e9sident de la R\u00e9publique pr\u00e9cisant bien qu\u2019il s\u2019agissait d\u2019une \u00ab premi\u00e8re \u00e9tape \u00bb.<\/p>\n<p class=\"mb-4 text-lg md:leading-8 break-words\">Ils sont actuellement \u00ab en s\u00e9curit\u00e9 \u00bb \u00e0 la r\u00e9sidence de l\u2019ambassadeur de France, \u00e0 T\u00e9h\u00e9ran, \u00ab dans l\u2019attente de leur lib\u00e9ration d\u00e9finitive \u00bb, a insist\u00e9 sur X le ministre fran\u00e7ais des Affaires \u00e9trang\u00e8res, Jean-No\u00ebl Barrot.<\/p>\n<p class=\"mb-4 text-lg md:leading-8 break-words\"><a data-i13n=\"cpos:3;pos:1\" href=\"https:\/\/fr.news.yahoo.com\/iran-c%C3%A9cile-kohler-jacques-paris-183342240.html\" data-ylk=\"slk:Iran : C\u00e9cile Kohler et Jacques Paris sont sortis de prison, annonce Macron;cpos:3;pos:1;elm:context_link;itc:0;sec:content-canvas;outcm:mb_qualified_link;_E:mb_qualified_link;ct:story;\" class=\"link  yahoo-link\" target=\"_blank\" rel=\"noopener\">Iran : C\u00e9cile Kohler et Jacques Paris sont sortis de prison, annonce Macron <\/a><\/p>\n<p class=\"mb-4 text-lg md:leading-8 break-words\">Les deux ressortissants \u00ab vont bien, semblent en bonne sant\u00e9 \u00bb, a-t-il ensuite comment\u00e9 sur la cha\u00eene France 2, en pr\u00e9cisant avoir \u00ab appel\u00e9 (son) homologue ministre des Affaires \u00e9trang\u00e8res de l\u2019Iran pour saluer le geste qui a \u00e9t\u00e9 fait \u00bb.<\/p>\n<p>C\u2019est une \u00ab libert\u00e9 conditionnelle \u00bb, affirme l\u2019Iran<\/p>\n<p class=\"mb-4 text-lg md:leading-8 break-words\">Mais leur d\u00e9part de l\u2019Iran n\u2019est pas encore \u00e0 l\u2019ordre du jour. \u00ab Nous allons continuer le travail que nous avons engag\u00e9 depuis des semaines et des mois pour obtenir leur lib\u00e9ration d\u00e9finitive \u00bb, par les autorit\u00e9s judiciaires iraniennes, a ajout\u00e9 Jean-No\u00ebl Barrot.<\/p>\n<p class=\"mb-4 text-lg md:leading-8 break-words\">C\u00e9cile Kohler et Jacques Paris sont en \u00ab libert\u00e9 conditionnelle \u00bb et ont \u00e9t\u00e9 \u00ab lib\u00e9r\u00e9s sous caution \u00bb, a pr\u00e9cis\u00e9 sur ce point la diplomatie iranienne.<\/p>\n<p class=\"mb-4 text-lg md:leading-8 break-words\">\u00ab Ces deux ressortissants fran\u00e7ais incarc\u00e9r\u00e9s pour des infractions \u00e0 la s\u00e9curit\u00e9 nationale ont \u00e9t\u00e9 lib\u00e9r\u00e9s sous caution par le juge en charge de l\u2019affaire et seront plac\u00e9s sous surveillance jusqu\u2019\u00e0 la prochaine \u00e9tape judiciaire \u00bb, a \u00e9crit dans un communiqu\u00e9 intitul\u00e9 \u00ab lib\u00e9ration conditionnelle de deux ressortissants fran\u00e7ais \u00bb, le porte-parole de la diplomatie iranienne, Esma\u00efl Bagha\u00ef.<\/p>\n<p>Confin\u00e9s dans l\u2019ambassade<\/p>\n<p class=\"mb-4 text-lg md:leading-8 break-words\">Pour le moment donc, la date de leur retour en France n\u2019est pas connue et pourrait ne pas \u00eatre donn\u00e9e d\u2019ici plusieurs jours, voire semaines, explique la juge Abnousse Shalmani, \u00e9ditorialiste international pour<a data-i13n=\"cpos:4;pos:1\" href=\"https:\/\/www.tf1info.fr\/international\/en-direct-iran-cecile-kohler-et-jacques-paris-les-2-francais-detenus-depuis-plus-de-3-ans-ont-ete-liberes-macron-barrot-2404707.html\" rel=\"nofollow noopener\" target=\"_blank\" data-ylk=\"slk:LCI;cpos:4;pos:1;elm:context_link;itc:0;sec:content-canvas\" class=\"link \"> LCI<\/a> : \u00ab \u00c7a fait partie de la tactique de torture \u00e0 l\u2019iranienne, c\u2019est une sp\u00e9cialit\u00e9 des Mollah. \u00c7a veut dire qu\u2019ils peuvent rester coinc\u00e9s deux ou trois mois \u00e0 l\u2019ambassade de France, ce n\u2019est pas impossible. \u00bb<\/p>\n<p class=\"mb-4 text-lg md:leading-8 break-words\">Malgr\u00e9 tout, cette premi\u00e8re \u00e9tape a \u00e9t\u00e9 salu\u00e9e par les avocats des deux Fran\u00e7ais, ma\u00eetres Martin Pradel, Chirinne Ardakani, Emma Villard et Karine Rivoallan, qui \u00e9voquent un \u00ab jour nouveau \u00bb pour C\u00e9cile Kohler et Jacques Paris, \u00ab mettant fin \u00e0 leur d\u00e9tention arbitraire qui a dur\u00e9 1 277 jours \u00bb, dans un communiqu\u00e9 transmis \u00e0 l\u2019AFP.<\/p>\n<p class=\"mb-4 text-lg md:leading-8 break-words\">\u00ab Je suis tellement \u00e9mue de savoir qu\u2019ils vont rentrer, qu\u2019ils vont pouvoir reprendre leur vie normale \u00bb, a quant \u00e0 elle r\u00e9agi aupr\u00e8s de France 2 la m\u00e8re de C\u00e9cile Kohler, Mireille, la voix \u00e9trangl\u00e9e par les sanglots.<\/p>\n<p class=\"mb-4 text-lg md:leading-8 break-words\"><a data-i13n=\"cpos:5;pos:1\" href=\"https:\/\/fr.news.yahoo.com\/c%C3%A9cile-kohler-jacques-paris-lourdement-121140851.html\" data-ylk=\"slk:C\u00e9cile Kohler et Jacques Paris lourdement condamn\u00e9s en Iran, l\u2019inqui\u00e9tude de leurs proches pour leur \u00ab survie \u00bb;cpos:5;pos:1;elm:context_link;itc:0;sec:content-canvas;outcm:mb_qualified_link;_E:mb_qualified_link;ct:story;\" class=\"link  yahoo-link\" target=\"_blank\" rel=\"noopener\"> C\u00e9cile Kohler et Jacques Paris lourdement condamn\u00e9s en Iran, l\u2019inqui\u00e9tude de leurs proches pour leur \u00ab survie \u00bb <\/a><\/p>\n<p class=\"mb-4 text-lg md:leading-8 break-words\"><a data-i13n=\"cpos:6;pos:1\" href=\"https:\/\/fr.news.yahoo.com\/enfin-libre-lennart-monterlos-otage-152006822.html\" data-ylk=\"slk:\u00ab Enfin libre \u00bb : Lennart Monterlos, otage Franco-Allemand d\u00e9tenu en Iran lib\u00e9r\u00e9 et en route vers la France;cpos:6;pos:1;elm:context_link;itc:0;sec:content-canvas;outcm:mb_qualified_link;_E:mb_qualified_link;ct:story;\" class=\"link  yahoo-link\" target=\"_blank\" rel=\"noopener\"> \u00ab Enfin libre \u00bb : Lennart Monterlos, otage Franco-Allemand d\u00e9tenu en Iran lib\u00e9r\u00e9 et en route vers la France <\/a><\/p>\n","protected":false},"excerpt":{"rendered":"INTERNATIONAL &#8211; Loin d\u2019\u00eatre totalement libres. Les Fran\u00e7ais C\u00e9cile Kohler et Jacques Paris, d\u00e9tenus en Iran depuis trois&hellip;\n","protected":false},"author":2,"featured_media":512000,"comment_status":"","ping_status":"","sticky":false,"template":"","format":"standard","meta":{"footnotes":""},"categories":[1888],"tags":[1111,1928,11,1927,37033,1777,674,1011,27,3019,18926,6286,12,1926,626,1925,36854,10253,25],"class_list":{"0":"post-511999","1":"post","2":"type-post","3":"status-publish","4":"format-standard","5":"has-post-thumbnail","7":"category-paris","8":"tag-actu","9":"tag-actu-paris","10":"tag-actualites","11":"tag-actualites-paris","12":"tag-cecile-kohler","13":"tag-eu","14":"tag-europe","15":"tag-fr","16":"tag-france","17":"tag-iran","18":"tag-jacques-paris","19":"tag-jean-noel","20":"tag-news","21":"tag-news-paris","22":"tag-paris","23":"tag-paris-news","24":"tag-premiere-etape","25":"tag-president-de-la-republique","26":"tag-republique-francaise"},"share_on_mastodon":{"url":"https:\/\/pubeurope.com\/@fr\/115493488877120124","error":""},"_links":{"self":[{"href":"https:\/\/www.europesays.com\/fr\/wp-json\/wp\/v2\/posts\/511999","targetHints":{"allow":["GET"]}}],"collection":[{"href":"https:\/\/www.europesays.com\/fr\/wp-json\/wp\/v2\/posts"}],"about":[{"href":"https:\/\/www.europesays.com\/fr\/wp-json\/wp\/v2\/types\/post"}],"author":[{"embeddable":true,"href":"https:\/\/www.europesays.com\/fr\/wp-json\/wp\/v2\/users\/2"}],"replies":[{"embeddable":true,"href":"https:\/\/www.europesays.com\/fr\/wp-json\/wp\/v2\/comments?post=511999"}],"version-history":[{"count":0,"href":"https:\/\/www.europesays.com\/fr\/wp-json\/wp\/v2\/posts\/511999\/revisions"}],"wp:featuredmedia":[{"embeddable":true,"href":"https:\/\/www.europesays.com\/fr\/wp-json\/wp\/v2\/media\/512000"}],"wp:attachment":[{"href":"https:\/\/www.europesays.com\/fr\/wp-json\/wp\/v2\/media?parent=511999"}],"wp:term":[{"taxonomy":"category","embeddable":true,"href":"https:\/\/www.europesays.com\/fr\/wp-json\/wp\/v2\/categories?post=511999"},{"taxonomy":"post_tag","embeddable":true,"href":"https:\/\/www.europesays.com\/fr\/wp-json\/wp\/v2\/tags?post=511999"}],"curies":[{"name":"wp","href":"https:\/\/api.w.org\/{rel}","templated":true}]}}