{"id":5120,"date":"2025-04-06T11:15:07","date_gmt":"2025-04-06T11:15:07","guid":{"rendered":"https:\/\/www.europesays.com\/fr\/5120\/"},"modified":"2025-04-06T11:15:07","modified_gmt":"2025-04-06T11:15:07","slug":"pres-de-marseille-cette-commune-a-le-taux-le-plus-eleve-de-cambriolages","status":"publish","type":"post","link":"https:\/\/www.europesays.com\/fr\/5120\/","title":{"rendered":"Pr\u00e8s de Marseille. Cette commune a le taux le plus \u00e9lev\u00e9 de cambriolages"},"content":{"rendered":"<p>            Par<br \/>\n        <strong><br \/>\n            <a href=\"https:\/\/actu.fr\/auteur\/lola-fourt-actu-fr\" title=\"Consulter tous les articles de Lola Fourt\" rel=\"nofollow noopener\" target=\"_blank\">Lola Fourt<\/a><br \/>\n        <\/strong><\/p>\n<p>        Publi\u00e9 le<\/p>\n<p>            6 avr. 2025 \u00e0 6h40        <\/p>\n<p>Selon les donn\u00e9es du service statistique minist\u00e9riel de la s\u00e9curit\u00e9 int\u00e9rieure, dans le d\u00e9partement des <a href=\"https:\/\/actu.fr\/provence-alpes-cote-d-azur\/bouches-du-rhone_13\" rel=\"nofollow noopener\" target=\"_blank\">Bouches-du-Rh\u00f4ne<\/a> plus de 9.982 cambriolages ont \u00e9t\u00e9 commis en 2024.<\/p>\n<p class=\" wall-content\">Voici la commune qui en recense le plus par logement.<\/p>\n<p>Noves en t\u00eate<\/p>\n<p class=\" wall-content\">Noves, une petite commune d\u2019environ <strong>5.853<\/strong> habitants, se classe en t\u00eate de ce triste palmar\u00e8s. Avec <strong>57<\/strong> cambriolages recens\u00e9s en 2024, elle affiche un taux de cambriolage par logement de<strong> 2,01\u2009%<\/strong>, largement au-dessus des autres communes limitrophes.<\/p>\n<p class=\" wall-content\">La commune d\u2019Eguy\u00e8re enregistre \u00e9galement un taux particuli\u00e8rement \u00e9lev\u00e9 dans le d\u00e9partement, atteignant <strong>1,97\u2009%<\/strong>, soit <strong>27<\/strong> faits pour environ <strong>1.740<\/strong> habitants.<\/p>\n<p>Quid de Marseille\u2009?<\/p>\n<p class=\" wall-content\">Dans la cit\u00e9 phoc\u00e9enne, on recense<strong> 4.473<\/strong> cambriolages en 2024, ce qui repr\u00e9sente un taux de <strong>0,73\u2009%<\/strong> par logement, soit un pourcentage bien inf\u00e9rieur \u00e0 ceux observ\u00e9s dans le nord du d\u00e9partement.<\/p>\n<p>Vid\u00e9os : en ce moment sur Actu<\/p>\n<p class=\" wall-content\">Cependant, ce chiffre reste important, et le taux demeure nettement sup\u00e9rieur \u00e0 la moyenne nationale, qui s\u2019\u00e9l\u00e8ve \u00e0 <strong>0,32\u2009%<\/strong> en 2024.<\/p>\n<p class=\" wall-content\">Suivez toute l\u2019actualit\u00e9 de vos villes et m\u00e9dias favoris en vous inscrivant \u00e0 <a href=\"https:\/\/moncompte.actu.fr\" title=\"D\u00e9couvez Mon Actu\" rel=\"nofollow noopener\" data-trk=\"{&quot;cta&quot;:{&quot;action&quot;:&quot;https:\\\/\\\/moncompte.actu.fr&quot;,&quot;category&quot;:&quot;mon compte&quot;,&quot;from&quot;:&quot;article footer&quot;,&quot;name&quot;:&quot;Mon actu&quot;,&quot;type&quot;:&quot;cta&quot;}}\" target=\"_blank\">Mon Actu<\/a>.<\/p>\n","protected":false},"excerpt":{"rendered":"Par Lola Fourt Publi\u00e9 le 6 avr. 2025 \u00e0 6h40 Selon les donn\u00e9es du service statistique minist\u00e9riel de&hellip;\n","protected":false},"author":2,"featured_media":5121,"comment_status":"","ping_status":"","sticky":false,"template":"","format":"standard","meta":{"footnotes":""},"categories":[2814],"tags":[1111,11,1174,1777,674,1011,27,884,12,1072,882,25,104],"class_list":{"0":"post-5120","1":"post","2":"type-post","3":"status-publish","4":"format-standard","5":"has-post-thumbnail","7":"category-marseille","8":"tag-actu","9":"tag-actualites","10":"tag-cambriolage","11":"tag-eu","12":"tag-europe","13":"tag-fr","14":"tag-france","15":"tag-marseille","16":"tag-news","17":"tag-police","18":"tag-provence-alpes-cote-dazur","19":"tag-republique-francaise","20":"tag-societe"},"share_on_mastodon":{"url":"https:\/\/pubeurope.com\/@fr\/114290735493612025","error":""},"_links":{"self":[{"href":"https:\/\/www.europesays.com\/fr\/wp-json\/wp\/v2\/posts\/5120","targetHints":{"allow":["GET"]}}],"collection":[{"href":"https:\/\/www.europesays.com\/fr\/wp-json\/wp\/v2\/posts"}],"about":[{"href":"https:\/\/www.europesays.com\/fr\/wp-json\/wp\/v2\/types\/post"}],"author":[{"embeddable":true,"href":"https:\/\/www.europesays.com\/fr\/wp-json\/wp\/v2\/users\/2"}],"replies":[{"embeddable":true,"href":"https:\/\/www.europesays.com\/fr\/wp-json\/wp\/v2\/comments?post=5120"}],"version-history":[{"count":0,"href":"https:\/\/www.europesays.com\/fr\/wp-json\/wp\/v2\/posts\/5120\/revisions"}],"wp:featuredmedia":[{"embeddable":true,"href":"https:\/\/www.europesays.com\/fr\/wp-json\/wp\/v2\/media\/5121"}],"wp:attachment":[{"href":"https:\/\/www.europesays.com\/fr\/wp-json\/wp\/v2\/media?parent=5120"}],"wp:term":[{"taxonomy":"category","embeddable":true,"href":"https:\/\/www.europesays.com\/fr\/wp-json\/wp\/v2\/categories?post=5120"},{"taxonomy":"post_tag","embeddable":true,"href":"https:\/\/www.europesays.com\/fr\/wp-json\/wp\/v2\/tags?post=5120"}],"curies":[{"name":"wp","href":"https:\/\/api.w.org\/{rel}","templated":true}]}}