{"id":512001,"date":"2025-11-04T21:12:15","date_gmt":"2025-11-04T21:12:15","guid":{"rendered":"https:\/\/www.europesays.com\/fr\/512001\/"},"modified":"2025-11-04T21:12:15","modified_gmt":"2025-11-04T21:12:15","slug":"chiens-de-juifs-sacha-17-ans-violemment-pris-a-partie-pour-sa-kippa-dans-un-bus-a-pantin","status":"publish","type":"post","link":"https:\/\/www.europesays.com\/fr\/512001\/","title":{"rendered":"\u00ab\u00a0Chiens de juifs\u00a0\u00bb\u00a0: Sacha, 17\u00a0ans, violemment pris \u00e0 partie pour sa kippa dans un bus \u00e0 Pantin"},"content":{"rendered":"<p class=\"paragraph text_align_left lp-f-body-02\">Dans le box des pr\u00e9venus, deux jeunes hommes de 24 ans, sans papiers, de nationalit\u00e9 alg\u00e9rienne, sont renvoy\u00e9s pour un vol avec violence dans un bus, lundi 27 octobre \u00e0 Pantin (Seine-Saint-Denis) pour lequel le caract\u00e8re antis\u00e9mite a \u00e9t\u00e9 retenu. Ils font face \u00e0 Sacha (le pr\u00e9nom a \u00e9t\u00e9 modifi\u00e9), 17 ans, assis au premier rang du tribunal, \u00e0 c\u00f4t\u00e9 de son p\u00e8re, tous deux coiff\u00e9s d\u2019une kippa.<\/p>\n","protected":false},"excerpt":{"rendered":"Dans le box des pr\u00e9venus, deux jeunes hommes de 24 ans, sans papiers, de nationalit\u00e9 alg\u00e9rienne, sont renvoy\u00e9s&hellip;\n","protected":false},"author":2,"featured_media":512002,"comment_status":"","ping_status":"","sticky":false,"template":"","format":"standard","meta":{"footnotes":""},"categories":[1888],"tags":[11,1777,674,118,1011,27,1944,12,626,25,1945],"class_list":{"0":"post-512001","1":"post","2":"type-post","3":"status-publish","4":"format-standard","5":"has-post-thumbnail","7":"category-paris","8":"tag-actualites","9":"tag-eu","10":"tag-europe","11":"tag-faits-divers","12":"tag-fr","13":"tag-france","14":"tag-ma-ville","15":"tag-news","16":"tag-paris","17":"tag-republique-francaise","18":"tag-seine-saint-denis"},"share_on_mastodon":{"url":"https:\/\/pubeurope.com\/@fr\/115493492803023085","error":""},"_links":{"self":[{"href":"https:\/\/www.europesays.com\/fr\/wp-json\/wp\/v2\/posts\/512001","targetHints":{"allow":["GET"]}}],"collection":[{"href":"https:\/\/www.europesays.com\/fr\/wp-json\/wp\/v2\/posts"}],"about":[{"href":"https:\/\/www.europesays.com\/fr\/wp-json\/wp\/v2\/types\/post"}],"author":[{"embeddable":true,"href":"https:\/\/www.europesays.com\/fr\/wp-json\/wp\/v2\/users\/2"}],"replies":[{"embeddable":true,"href":"https:\/\/www.europesays.com\/fr\/wp-json\/wp\/v2\/comments?post=512001"}],"version-history":[{"count":0,"href":"https:\/\/www.europesays.com\/fr\/wp-json\/wp\/v2\/posts\/512001\/revisions"}],"wp:featuredmedia":[{"embeddable":true,"href":"https:\/\/www.europesays.com\/fr\/wp-json\/wp\/v2\/media\/512002"}],"wp:attachment":[{"href":"https:\/\/www.europesays.com\/fr\/wp-json\/wp\/v2\/media?parent=512001"}],"wp:term":[{"taxonomy":"category","embeddable":true,"href":"https:\/\/www.europesays.com\/fr\/wp-json\/wp\/v2\/categories?post=512001"},{"taxonomy":"post_tag","embeddable":true,"href":"https:\/\/www.europesays.com\/fr\/wp-json\/wp\/v2\/tags?post=512001"}],"curies":[{"name":"wp","href":"https:\/\/api.w.org\/{rel}","templated":true}]}}