{"id":51201,"date":"2025-04-25T07:31:08","date_gmt":"2025-04-25T07:31:08","guid":{"rendered":"https:\/\/www.europesays.com\/fr\/51201\/"},"modified":"2025-04-25T07:31:08","modified_gmt":"2025-04-25T07:31:08","slug":"marine-delplace-de-plus-en-plus-isolee","status":"publish","type":"post","link":"https:\/\/www.europesays.com\/fr\/51201\/","title":{"rendered":"Marine Delplace : de plus en plus isol\u00e9e"},"content":{"rendered":"<p>      R\u00e9sum\u00e9<\/p>\n<p>Des tensions et des clashs en coulisses auraient \u00e9clat\u00e9 au sein de la tourn\u00e9e Star Ac 2025, notamment \u00e0 cause du comportement jug\u00e9 irrespectueux de Marine, la gagnante de cette \u00e9dition.<\/p>\n<p>        Sommaire<\/p>\n<p><strong>Sur sc\u00e8ne, ils brillent, en backstage, ils vrillent ?<\/strong>\u00a0Ces jours-ci, c\u2019est l\u2019impression qui ressort d\u00e8s que <a href=\"https:\/\/www.public.fr\/marine-star-academy-ulysse-se-lache-et-dit-enfin-pourquoi-elle-napparait-pas-dans-ses-videos\" target=\"_blank\" rel=\"noopener\">les jeunes chanteurs <\/a>ne sont plus sous les feux de la rampe. Les grands sourires et les embrassades seraient d\u00e9sormais r\u00e9serv\u00e9s \u00e0 Instagram, et<strong> l\u2019ambiance serait plus soupe \u00e0 la grimace qu\u2019amiti\u00e9 \u00e9ternelle<\/strong>. <\/p>\n<p>En cause notamment, Marine, la gagnante 2025, qui ferait grincer bien des dents. Une fatigue intense ? Un exc\u00e8s de pression ? Sans doute un peu des deux. Reste qu\u2019\u00e0 un fil des concerts, ses camarades d\u00e9couvriraient un comportement dur \u00e0 g\u00e9rer. \u201cMarine est loin de l\u2019image qu\u2019elle donne, nous balance un membre de la tourn\u00e9e.\u00a0<strong>Elle s\u2019est mis les \u00e9quipes \u00e0 dos, et les candidats aussi.<\/strong>\u201d<\/p>\n<p>Un verdict sans appel, renforc\u00e9 par de nombreuses anecdotes peu flatteuses. \u201cElle d\u00e9barque sur sc\u00e8ne avec un chewing-gum, qu\u2019elle recrach\u00e9 au sol. Elle mange pendant les prestations des autres\u2026 Ce n\u2019est pas respectueux !\u201d continue notre source. <\/p>\n<p>Marine : \u00ab\u00a0Sous pression, elle craque\u00a0\u00bb<\/p>\n<p><strong>Un comportement jug\u00e9 pu\u00e9ril, qui agacerait aussi bien en loges que sur sc\u00e8ne<\/strong>. Et le rythme effr\u00e9n\u00e9 impos\u00e9 \u00e0 la gagnante n\u2019explique pas tout. Certes, depuis sa victoire, Marine encha\u00eene interviews, enregistrements, performances et d\u00e9placements. <\/p>\n<p>Mais l\u00e0 o\u00f9 Pierre Garnier, son pr\u00e9d\u00e9cesseur, avait compos\u00e9 avec la pression, <strong>elle semble craquer<\/strong>. \u201cUne fois, apr\u00e8s une prestation rat\u00e9e sur All by Myself, elle a hurl\u00e9, pleur\u00e9. <strong>Elle ne voulait m\u00eame plus parler \u00e0 l\u2019\u00e9quipe<\/strong>\u201d, nous r\u00e9v\u00e8le-t-on \u00e9galement.<\/p>\n<p>TikTok @insidepublic<\/p>\n<p>Une tourn\u00e9e sous haute tension<\/p>\n<p>Une exigence envers elle-m\u00eame qu\u2019elle aurait aussi envers les autres, <a href=\"https:\/\/www.public.fr\/marine-et-ebony-la-gueguerre-est-relancee-cette-declaration-qui-ne-passe-pas\" target=\"_blank\" rel=\"noopener\">ce qui rendrait les relations \u00e9lectriques dans tout le groupe<\/a> ! <strong>M\u00eame Ulysse<\/strong>, son acolyte du ch\u00e2teau, <a href=\"https:\/\/www.public.fr\/ulysse-et-marine-gros-reglement-de-compte-en-pleine-tournee-de-la-star-academy-apaise-ton-coeur-sylvie\" target=\"_blank\" rel=\"noopener\">aurait pris ses distances<\/a>. \u201cLes mecs ne la calculent plus. Il y a de toute fa\u00e7on <strong>une vraie scission entre gar\u00e7ons et filles cette ann\u00e9e<\/strong>. Ulysse a montr\u00e9 qu\u2019il ne la supportait plus, il ne se filme jamais avec elle.\u201d Seule <strong>Ma\u00efa tenterait de jouer les m\u00e9diatrices<\/strong>, mais tout cela rejaillirait sur la troupe. <\/p>\n<p>Une situation aggrav\u00e9e par l\u2019entourage de la blonde, qui serait beaucoup trop pr\u00e9sent en coulisses. \u201cElle est escort\u00e9e comme une star plan\u00e9taire.\u201d Entre tensions, fatigue et ego qui s\u2019entrechoquent, <strong>la tourn\u00e9e Star Ac 2025 n\u2019a donc rien d\u2019un long fleuve tranquille<\/strong>. Reste \u00e0 savoir si Marine saura regagner le c\u0153ur de son \u00e9quipe et ses camarades ou si les projecteurs finiront par \u00e9clairer d\u2019autres talents, probablement moins \u00e9clatants mais plus f\u00e9d\u00e9rateurs.<\/p>\n<p>Toute reproduction interdite sans la mention Public et un lien r\u00e9digeant sur cet article<\/p>\n<p>      Mentionn\u00e9s dans cet article<\/p>\n<p>\u00c0 lire aussi<\/p>\n","protected":false},"excerpt":{"rendered":"R\u00e9sum\u00e9 Des tensions et des clashs en coulisses auraient \u00e9clat\u00e9 au sein de la tourn\u00e9e Star Ac 2025,&hellip;\n","protected":false},"author":2,"featured_media":51202,"comment_status":"","ping_status":"","sticky":false,"template":"","format":"standard","meta":{"footnotes":""},"categories":[1355],"tags":[58,14423,59,5411,1011,27,8520,1361,873,5095,4441],"class_list":{"0":"post-51201","1":"post","2":"type-post","3":"status-publish","4":"format-standard","5":"has-post-thumbnail","7":"category-musique","8":"tag-divertissement","9":"tag-ebony-cham","10":"tag-entertainment","11":"tag-exclusivite-public","12":"tag-fr","13":"tag-france","14":"tag-marine-delplace","15":"tag-music","16":"tag-musique","17":"tag-star-academy","18":"tag-tournee"},"share_on_mastodon":{"url":"https:\/\/pubeurope.com\/@fr\/114397438534884133","error":""},"_links":{"self":[{"href":"https:\/\/www.europesays.com\/fr\/wp-json\/wp\/v2\/posts\/51201","targetHints":{"allow":["GET"]}}],"collection":[{"href":"https:\/\/www.europesays.com\/fr\/wp-json\/wp\/v2\/posts"}],"about":[{"href":"https:\/\/www.europesays.com\/fr\/wp-json\/wp\/v2\/types\/post"}],"author":[{"embeddable":true,"href":"https:\/\/www.europesays.com\/fr\/wp-json\/wp\/v2\/users\/2"}],"replies":[{"embeddable":true,"href":"https:\/\/www.europesays.com\/fr\/wp-json\/wp\/v2\/comments?post=51201"}],"version-history":[{"count":0,"href":"https:\/\/www.europesays.com\/fr\/wp-json\/wp\/v2\/posts\/51201\/revisions"}],"wp:featuredmedia":[{"embeddable":true,"href":"https:\/\/www.europesays.com\/fr\/wp-json\/wp\/v2\/media\/51202"}],"wp:attachment":[{"href":"https:\/\/www.europesays.com\/fr\/wp-json\/wp\/v2\/media?parent=51201"}],"wp:term":[{"taxonomy":"category","embeddable":true,"href":"https:\/\/www.europesays.com\/fr\/wp-json\/wp\/v2\/categories?post=51201"},{"taxonomy":"post_tag","embeddable":true,"href":"https:\/\/www.europesays.com\/fr\/wp-json\/wp\/v2\/tags?post=51201"}],"curies":[{"name":"wp","href":"https:\/\/api.w.org\/{rel}","templated":true}]}}