{"id":512011,"date":"2025-11-04T21:17:16","date_gmt":"2025-11-04T21:17:16","guid":{"rendered":"https:\/\/www.europesays.com\/fr\/512011\/"},"modified":"2025-11-04T21:17:16","modified_gmt":"2025-11-04T21:17:16","slug":"est-il-vrai-que-12-000-personnes-ont-ete-arretees-au-royaume-uni-pour-des-publications-sur-les-reseaux-sociaux-comme-le-pretend-le-podcasteur-joe-rogan","status":"publish","type":"post","link":"https:\/\/www.europesays.com\/fr\/512011\/","title":{"rendered":"Est-il vrai que 12\u00a0000 personnes ont \u00e9t\u00e9 arr\u00eat\u00e9es au Royaume-Uni pour des publications sur les r\u00e9seaux sociaux, comme le pr\u00e9tend le podcasteur Joe Rogan\u00a0?"},"content":{"rendered":"<p class=\"sc-cPiKLX AiZTS text-element\">Dans le dernier \u00e9pisode du podcast le plus \u00e9cout\u00e9 au monde, Joe Rogan, ex-champion d\u2019arts martiaux devenu animateur vedette, re\u00e7oit <a href=\"https:\/\/www.liberation.fr\/economie\/economie-numerique\/comment-musk-et-x-instrumentalisent-la-liberte-dexpression-pour-defier-la-france-et-leurope-20251010_5YPZGGP4FNEF7FN5MQ7WQFL4F4\/\" target=\"_blank\" rel=\"nofollow noopener\" title=\"https:\/\/www.liberation.fr\/economie\/economie-numerique\/comment-musk-et-x-instrumentalisent-la-liberte-dexpression-pour-defier-la-france-et-leurope-20251010_5YPZGGP4FNEF7FN5MQ7WQFL4F4\/\">Elon Musk<\/a>, l\u2019homme le plus riche de la plan\u00e8te et ancien conseiller de Donald Trump. Trois heures et dix-huit minutes de <a href=\"https:\/\/www.youtube.com\/watch?v=O4wBUysNe2k&amp;t=2945s\" target=\"_blank\" rel=\"nofollow noopener\" title=\"https:\/\/www.youtube.com\/watch?v=O4wBUysNe2k&amp;t=2945s\">The Joe Rogan Experience<\/a>, diffus\u00e9es le 31 octobre 2025, durant lesquelles les deux hommes abordent une s\u00e9rie de sujets explosifs : libert\u00e9 d\u2019expression, censure, immigration\u2026 et s\u2019indignent de la situation au Royaume-Uni.<\/p>\n<p class=\"sc-cPiKLX AiZTS text-element\">\u00abIls emprisonnent les gens pour des m\u00e8mes [images d\u00e9tourn\u00e9es virales, ndlr]\u00bb, affirme Elon Musk, avant que son h\u00f4te ne pr\u00e9cise qu\u2019il y aurait eu \u00ab12 000 arrestations pour des publications sur les r\u00e9seaux sociaux cette ann\u00e9e\u00bb. \u00abUn pays sans libert\u00e9 d\u2019expression, poursuit Rogan, bien pire que la Russie, la Chine, ou n\u2019importe quel autre endroit sur Terre.\u00bb<\/p>\n<p class=\"sc-cPiKLX AiZTS text-element\">\u00abC\u2019est compl\u00e8tement dingue !\u00bb s\u2019\u00e9trangle le propri\u00e9t<\/p>\n","protected":false},"excerpt":{"rendered":"Dans le dernier \u00e9pisode du podcast le plus \u00e9cout\u00e9 au monde, Joe Rogan, ex-champion d\u2019arts martiaux devenu animateur&hellip;\n","protected":false},"author":2,"featured_media":512012,"comment_status":"","ping_status":"","sticky":false,"template":"","format":"standard","meta":{"footnotes":""},"categories":[1588],"tags":[11,46,1777,674,45232,12,473,1853,1851,1850,1852],"class_list":{"0":"post-512011","1":"post","2":"type-post","3":"status-publish","4":"format-standard","5":"has-post-thumbnail","7":"category-royaume-uni","8":"tag-actualites","9":"tag-elon-musk","10":"tag-eu","11":"tag-europe","12":"tag-liberte-d-expression","13":"tag-news","14":"tag-royaume-uni","15":"tag-royaume-uni-de-grande-bretagne-et-dirlande-du-nord","16":"tag-uk","17":"tag-united-kingdom","18":"tag-united-kingdom-of-great-britain-and-northern-ireland"},"share_on_mastodon":{"url":"https:\/\/pubeurope.com\/@fr\/115493512425184471","error":""},"_links":{"self":[{"href":"https:\/\/www.europesays.com\/fr\/wp-json\/wp\/v2\/posts\/512011","targetHints":{"allow":["GET"]}}],"collection":[{"href":"https:\/\/www.europesays.com\/fr\/wp-json\/wp\/v2\/posts"}],"about":[{"href":"https:\/\/www.europesays.com\/fr\/wp-json\/wp\/v2\/types\/post"}],"author":[{"embeddable":true,"href":"https:\/\/www.europesays.com\/fr\/wp-json\/wp\/v2\/users\/2"}],"replies":[{"embeddable":true,"href":"https:\/\/www.europesays.com\/fr\/wp-json\/wp\/v2\/comments?post=512011"}],"version-history":[{"count":0,"href":"https:\/\/www.europesays.com\/fr\/wp-json\/wp\/v2\/posts\/512011\/revisions"}],"wp:featuredmedia":[{"embeddable":true,"href":"https:\/\/www.europesays.com\/fr\/wp-json\/wp\/v2\/media\/512012"}],"wp:attachment":[{"href":"https:\/\/www.europesays.com\/fr\/wp-json\/wp\/v2\/media?parent=512011"}],"wp:term":[{"taxonomy":"category","embeddable":true,"href":"https:\/\/www.europesays.com\/fr\/wp-json\/wp\/v2\/categories?post=512011"},{"taxonomy":"post_tag","embeddable":true,"href":"https:\/\/www.europesays.com\/fr\/wp-json\/wp\/v2\/tags?post=512011"}],"curies":[{"name":"wp","href":"https:\/\/api.w.org\/{rel}","templated":true}]}}