{"id":512025,"date":"2025-11-04T21:24:18","date_gmt":"2025-11-04T21:24:18","guid":{"rendered":"https:\/\/www.europesays.com\/fr\/512025\/"},"modified":"2025-11-04T21:24:18","modified_gmt":"2025-11-04T21:24:18","slug":"clement-charmasson-je-ne-mattendais-pas-a-ce-que-ca-aille-aussi-vite","status":"publish","type":"post","link":"https:\/\/www.europesays.com\/fr\/512025\/","title":{"rendered":"Cl\u00e9ment Charmasson : \u00ab Je ne m\u2019attendais pas \u00e0 ce que \u00e7a aille aussi vite \u00bb"},"content":{"rendered":"<p>\t\t\t\t\t\t<img width=\"770\" height=\"556\" src=\"https:\/\/www.europesays.com\/fr\/wp-content\/uploads\/2025\/11\/afp__20250821__2230470345__v1__highres__thedutchfutures2025dayone-770x556.jpg\" class=\"img-responsive wp-post-image\" alt=\"\" decoding=\"async\" fetchpriority=\"high\"  \/>\t\t\t\t\t<\/p>\n<p>\t\t\t\t\t\t Partager cet article <\/p>\n<p class=\"screen-reader-text juiz_sps_maybe_hidden_text\">Partager la publication \u00ab\u00a0Cl\u00e9ment Charmasson : \u00ab Je ne m\u2019attendais pas \u00e0 ce que \u00e7a aille aussi vite \u00bb\u00a0\u00bb<\/p>\n<p><strong>Gr\u00e2ce \u00e0 une tr\u00e8s belle premi\u00e8re saison sur l\u2019HotelPlanner Tour (ex-Challenge Tour) marqu\u00e9e par une victoire au Challenge de Espa\u00f1a, Cl\u00e9ment Charmasson a gagn\u00e9 sa place sur le DP World Tour d\u00e8s sa deuxi\u00e8me ann\u00e9e chez les pros. Le Toulousain a pu d\u00e9couvrir l\u2019\u00e9lite lors du FedEx Open de France o\u00f9 il avait pass\u00e9 le cut (74e).<\/strong><\/p>\n<p><strong>Propos recueillis par Nathan CARDET<\/strong><\/p>\n<p><strong>GOLF PLAN\u00c8TE : Nous vous imaginons tr\u00e8s heureux d\u2019avoir valid\u00e9 votre mont\u00e9e sur le DP World Tour\u2026<\/strong><\/p>\n<p><strong>Cl\u00e9ment CHARMASSON :<\/strong> Oui, mais le mot, c\u2019est plut\u00f4t soulag\u00e9 ! Les derni\u00e8res semaines ont \u00e9t\u00e9 \u00e9prouvantes, notamment \u00e9motionnellement avec le stress. Je suis pass\u00e9 pro pour pouvoir vivre ce genre d\u2019\u00e9motions, mais c\u2019est vrai que \u00e7a peut \u00eatre aussi \u00e9prouvant.<\/p>\n<p><strong>G.P. : Comment avez-vous v\u00e9cu cette finale ?<\/strong><\/p>\n<p><strong>C.C. :<\/strong> Il y avait du stress forc\u00e9ment, mais plut\u00f4t avant le d\u00e9but du tournoi. Une fois qu\u2019il est lanc\u00e9, il faut essayer de faire ses routines et de le transformer en un tournoi presque normal.<\/p>\n<p>C\u2019est finalement dans les moments o\u00f9 on ne joue pas, qu\u2019on n\u2019est pas dans l\u2019action, qu\u2019on se met \u00e0 r\u00e9fl\u00e9chir. C\u2019est vrai que le stress est revenu samedi soir. Apr\u00e8s, j\u2019\u00e9tais pr\u00eat \u00e0 aller aux cartes si besoin, j\u2019avais accept\u00e9 cette id\u00e9e. \u00c7a m\u2019a pas mal aid\u00e9 \u00e0 relativiser, \u00e0 me concentrer juste sur ce que j\u2019avais \u00e0 faire. Je me suis tout de m\u00eame trouv\u00e9 vraiment calme sur le parcours malgr\u00e9 un d\u00e9but pas id\u00e9al ce dimanche.<\/p>\n<blockquote data-service=\"instagram\" data-category=\"marketing\" data-placeholder-image=\"https:\/\/www.golfplanete.com\/wp-content\/plugins\/complianz-gdpr-premium\/assets\/images\/placeholders\/instagram-minimal.jpg\" class=\"cmplz-placeholder-element instagram-media\" style=\"background: #FFF; border: 0; border-radius: 3px; box-shadow: 0 0 1px 0 rgba(0,0,0,0.5),0 1px 10px 0 rgba(0,0,0,0.15); margin: 1px; max-width: 540px; min-width: 326px; padding: 0; width: calc(100% - 2px);\" data-instgrm-captioned=\"\" data-instgrm-permalink=\"https:\/\/www.instagram.com\/p\/DQlWLgSiIvG\/?utm_source=ig_embed&amp;utm_campaign=loading\" data-instgrm-version=\"14\"><p>&#13;<br \/>\n&#13;\n<\/p><\/blockquote>\n<p><strong>G.P. : La calculette \u00e9tait-elle de sortie durant la semaine ?<\/strong><\/p>\n<p><strong>C.C. :<\/strong> Naturellement. Le soir je m\u2019autorisais \u00e0 calculer un peu, \u00e0 imaginer ce qu\u2019il pouvait se passer. Mais une fois qu\u2019on se fait plein de films et tous les sc\u00e9narios possibles, on revient vite \u00e0 la r\u00e9alit\u00e9 : il faut aller jouer et faire du mieux possible.<\/p>\n<p><strong>G.P. : Vous aviez termin\u00e9 7e du Pro Golf Tour l\u2019an dernier et vous avez acc\u00e9d\u00e9 \u00e0 l\u2019HotelPlanner Tour <a href=\"https:\/\/www.golfplanete.com\/actualites\/aymeric-laussot-et-clement-charmasson-joueront-sur-le-challenge-tour-en-2025\/\" rel=\"nofollow noopener\" target=\"_blank\">gr\u00e2ce \u00e0 un petit coup de pouce du destin<\/a>. Vous \u00eates maintenant un joueur du DP World Tour, quel parcours !<\/strong><\/p>\n<p><strong>C.C. :<\/strong> Pour la petite histoire, c\u2019est un de mes anciens partenaires \u00e0 l\u2019<strong>University of Central Florida, Tadeas Tetak<\/strong>, qui m\u2019a permis d\u2019acc\u00e9der \u00e0 l\u2019<strong>HotelPlanner Tour<\/strong> car il a am\u00e9lior\u00e9 sa carte aux PQ3. (Ndlr, Cl\u00e9ment Charmasson a ainsi r\u00e9cup\u00e9r\u00e9 par r\u00e9percussions la carte initialement obtenue par le Slovaque sur le Pro Golf Tour.)<\/p>\n<p>L\u2019an dernier, je devais rafra\u00eechir le leaderboard pour savoir : je n\u2019avais plus les choses en main, alors qu\u2019ici, au moins, je jouais la finale. Mais oui, l\u2019histoire est belle, d\u2019autant plus que je suis avec mon meilleur pote sur le sac.<\/p>\n<blockquote><p>&#13;<br \/>\nJe suis tr\u00e8s content de monter, mais j\u2019ai besoin de faire un peu autre chose&#13;\n<\/p><\/blockquote>\n<p><strong>G.P. : Imaginiez-vous acc\u00e9der au DP World Tour en seulement deux ans ?<\/strong><\/p>\n<p><strong>C.C. :<\/strong> C\u2019est s\u00fbr que quand je suis pass\u00e9 pro, je ne m\u2019attendais pas \u00e0 ce que \u00e7a aille aussi vite, honn\u00eatement. Apr\u00e8s, je ne m\u2019\u00e9tais jamais vraiment mis de limite. On sait qu\u2019en arrivant sur la troisi\u00e8me division, ce n\u2019est pas facile d\u2019en sortir tout de suite, il n\u2019y a pas beaucoup d\u2019\u00e9lus chaque ann\u00e9e. On sait que \u00e7a peut prendre du temps.<\/p>\n<p>Pour acc\u00e9der au <strong>DP World Tour<\/strong>, il y a une grosse marche \u00e0 franchir, mais en gagnant un tournoi, \u00e7a devient beaucoup plus possible. \u00c7a m\u2019a plac\u00e9 automatiquement dans la course. Il a fallu faire d\u2019autres performances derri\u00e8re, mais c\u2019est top d\u2019avoir capitalis\u00e9 sur l\u2019ann\u00e9e o\u00f9 j\u2019ai gagn\u00e9.<\/p>\n<p><strong>G.P. : Vous attendiez-vous \u00e0 gagner si vite sur l\u2019HotelPlanner Tour ?<\/strong><\/p>\n<p><strong>C.C. :<\/strong> J\u2019avais tr\u00e8s bien jou\u00e9 la semaine d\u2019avant au <strong>Championnat de France<\/strong>\u00a0(3e) \u00e0 <strong>Cabot Bordeaux<\/strong>. Il y avait de gros joueurs comme <strong>Tom Vaillant, Ugo Coussaud <\/strong>et<strong> David Ravetto<\/strong>. Je suis arriv\u00e9 au <strong>Fontanals Golf Club<\/strong> la semaine suivante avec beaucoup de confiance, je jouais tr\u00e8s bien, mais de l\u00e0 \u00e0 me dire que j\u2019allais gagner, non. Je pars du principe qu\u2019il faut un peu de r\u00e9ussite pour s\u2019imposer et \u00e7a a \u00e9t\u00e9 le cas. Je connaissais le parcours, c\u2019est s\u00fbr que \u00e7a m\u2019a aid\u00e9 aussi.<\/p>\n<p><strong>G.P. : Avez-vous h\u00e2te de d\u00e9marrer la saison sur le DP World Tour ?<\/strong><\/p>\n<p><strong>C.C. :<\/strong> Pour \u00eatre tout \u00e0 fait honn\u00eate, l\u00e0 tout de suite, j\u2019ai besoin de faire un break. Je suis tr\u00e8s content de monter, mais j\u2019ai besoin de faire un peu autre chose, de voir mes potes, de me reposer, de rentrer chez moi, car \u00e7a fait longtemps que je ne l\u2019ai pas fait. J\u2019ai besoin de me changer les id\u00e9es pour pouvoir repartir frais parce que cette saison a \u00e9t\u00e9 tr\u00e8s exigeante nerveusement. Cette envie de jouer, d\u2019aller en tournoi, va tr\u00e8s vite revenir d\u2019ici une ou deux semaines, je ne suis pas du tout inquiet.<\/p>\n<blockquote data-service=\"instagram\" data-category=\"marketing\" data-placeholder-image=\"https:\/\/www.golfplanete.com\/wp-content\/plugins\/complianz-gdpr-premium\/assets\/images\/placeholders\/instagram-minimal.jpg\" class=\"cmplz-placeholder-element instagram-media\" style=\"background: #FFF; border: 0; border-radius: 3px; box-shadow: 0 0 1px 0 rgba(0,0,0,0.5),0 1px 10px 0 rgba(0,0,0,0.15); margin: 1px; max-width: 540px; min-width: 326px; padding: 0; width: calc(100% - 2px);\" data-instgrm-captioned=\"\" data-instgrm-permalink=\"https:\/\/www.instagram.com\/p\/DQlivJXDIpX\/?utm_source=ig_embed&amp;utm_campaign=loading\" data-instgrm-version=\"14\"><p>&#13;<br \/>\n&#13;\n<\/p><\/blockquote>\n<p><strong>G.P. : \u00c0 quoi vous attendez-vous sur le DP World Tour ?<\/strong><\/p>\n<p><strong>C.C. :<\/strong> L\u2019an dernier, j\u2019avais voulu faire un <strong>Challenge Tour<\/strong> pour voir \u00e0 quoi \u00e7a ressemblait \u00e0 l\u2019\u00e9tage sup\u00e9rieur : la diff\u00e9rence de parcours, d\u2019organisation, afin d\u2019\u00eatre le moins surpris si j\u2019arrivais \u00e0 monter. J\u2019avais la m\u00eame philosophie cette ann\u00e9e, et c\u2019\u00e9tait donc super de jouer l\u2019<strong>Open de France<\/strong>, c\u2019\u00e9tait une super exp\u00e9rience.<\/p>\n<p>La chose la plus dure \u00e0 g\u00e9rer selon moi, c\u2019est la diff\u00e9rence d\u2019environnement, dans l\u2019organisation qu\u2019il y a autour, plus que le c\u00f4t\u00e9 golf. La fac aux \u00c9tats-Unis m\u2019a bien form\u00e9 sur tous les types de parcours, j\u2019ai pu exp\u00e9rimenter des choses tr\u00e8s diff\u00e9rentes, donc je ne pense pas que \u00e7a va \u00eatre le plus dur \u00e0 s\u2019adapter. Mais appr\u00e9hender un nouvel environnement, \u00e7a ne s\u2019apprend pas : seul le temps et l\u2019exp\u00e9rience permettent de le g\u00e9rer au mieux. C\u2019\u00e9tait donc vraiment top d\u2019avoir pu le d\u00e9couvrir \u00e0 l\u2019occasion de l\u2019<strong>Open de France<\/strong>, et j\u2019esp\u00e8re que \u00e7a me servira la saison prochaine.<\/p>\n<p><strong>G.P. : Vous verra-t-on en Australie au BMW Australian PGA Championship pour le premier tournoi de la saison (27 au 30 novembre) ?<\/strong><\/p>\n<p><strong>C.C. :<\/strong> Je n\u2019ai pas encore pris ma d\u00e9cision, je n\u2019ai \u00e9cart\u00e9 ni le fait d\u2019y aller, ni celui de ne pas y aller. Je me laisse cette semaine pour prendre la d\u00e9cision.<\/p>\n<p>\u00a9Photo par OCTAVIO PASSOS \/ GETTY IMAGES EUROPE \/ GETTY IMAGES VIA AFP<\/p>\n<p>\t\t\t<script async src=\"\/\/www.instagram.com\/embed.js\"><\/script><\/p>\n","protected":false},"excerpt":{"rendered":"Partager cet article Partager la publication \u00ab\u00a0Cl\u00e9ment Charmasson : \u00ab Je ne m\u2019attendais pas \u00e0 ce que \u00e7a&hellip;\n","protected":false},"author":2,"featured_media":512026,"comment_status":"","ping_status":"","sticky":false,"template":"","format":"standard","meta":{"footnotes":""},"categories":[1418],"tags":[1011,27,1472,60],"class_list":{"0":"post-512025","1":"post","2":"type-post","3":"status-publish","4":"format-standard","5":"has-post-thumbnail","7":"category-golf","8":"tag-fr","9":"tag-france","10":"tag-golf","11":"tag-sports"},"share_on_mastodon":{"url":"https:\/\/pubeurope.com\/@fr\/115493540430215158","error":""},"_links":{"self":[{"href":"https:\/\/www.europesays.com\/fr\/wp-json\/wp\/v2\/posts\/512025","targetHints":{"allow":["GET"]}}],"collection":[{"href":"https:\/\/www.europesays.com\/fr\/wp-json\/wp\/v2\/posts"}],"about":[{"href":"https:\/\/www.europesays.com\/fr\/wp-json\/wp\/v2\/types\/post"}],"author":[{"embeddable":true,"href":"https:\/\/www.europesays.com\/fr\/wp-json\/wp\/v2\/users\/2"}],"replies":[{"embeddable":true,"href":"https:\/\/www.europesays.com\/fr\/wp-json\/wp\/v2\/comments?post=512025"}],"version-history":[{"count":0,"href":"https:\/\/www.europesays.com\/fr\/wp-json\/wp\/v2\/posts\/512025\/revisions"}],"wp:featuredmedia":[{"embeddable":true,"href":"https:\/\/www.europesays.com\/fr\/wp-json\/wp\/v2\/media\/512026"}],"wp:attachment":[{"href":"https:\/\/www.europesays.com\/fr\/wp-json\/wp\/v2\/media?parent=512025"}],"wp:term":[{"taxonomy":"category","embeddable":true,"href":"https:\/\/www.europesays.com\/fr\/wp-json\/wp\/v2\/categories?post=512025"},{"taxonomy":"post_tag","embeddable":true,"href":"https:\/\/www.europesays.com\/fr\/wp-json\/wp\/v2\/tags?post=512025"}],"curies":[{"name":"wp","href":"https:\/\/api.w.org\/{rel}","templated":true}]}}