{"id":512033,"date":"2025-11-04T21:33:12","date_gmt":"2025-11-04T21:33:12","guid":{"rendered":"https:\/\/www.europesays.com\/fr\/512033\/"},"modified":"2025-11-04T21:33:12","modified_gmt":"2025-11-04T21:33:12","slug":"samuel-le-bihan-retrouve-mort-cette-blague-qui-ne-la-pas-du-tout-fait-rire","status":"publish","type":"post","link":"https:\/\/www.europesays.com\/fr\/512033\/","title":{"rendered":"Samuel Le Bihan : \u00ab\u00a0Retrouv\u00e9 mort&#8230;\u00a0\u00bb, cette blague qui ne l&rsquo;a pas (du tout) fait rire"},"content":{"rendered":"<p>Ce mardi 4 novembre 2025, Samuel Le Bihan revient sur France 3<br \/>\ndans un nouvel \u00e9pisode d\u2019Alex Hugo, la s\u00e9rie polici\u00e8re<br \/>\ndevenue culte. Mais si <a href=\"https:\/\/www.closermag.fr\/people\/jaurais-mieux-fait-de-me-taire-samuel-le-bihan-en-couple-il-regrette-den-avoir-trop-dit-3590334\" target=\"_blank\" rel=\"noopener\"><br \/>\nle com\u00e9dien, qui a regrett\u00e9 d&rsquo;avoir \u00e9voqu\u00e9 son couple,<\/a> a fait<br \/>\nparler de lui, ce n\u2019est pas uniquement pour ses talents d\u2019acteur.<br \/>\nEn effet, une <strong>ancienne blague du Gorafi, mal<br \/>\ninterpr\u00e9t\u00e9e<\/strong> par certains, a provoqu\u00e9 une v\u00e9ritable panique<br \/>\net une col\u00e8re bien r\u00e9elle chez l\u2019acteur.<\/p>\n<p>Tout a commenc\u00e9 en f\u00e9vrier 2014, lorsqu\u2019un article publi\u00e9 sur le<br \/>\nc\u00e9l\u00e8bre site parodique a sem\u00e9 la confusion. Le titre,<br \/>\nvolontairement provocateur, annon\u00e7ait : <strong>\u201cLe talent de<br \/>\nSamuel Le Bihan retrouv\u00e9 mort chez lui \u00e0 48 ans\u201d<\/strong>. En<br \/>\nr\u00e9alit\u00e9, le texte ironisait sur la carri\u00e8re de l\u2019acteur en<br \/>\npr\u00e9tendant que \u201cla rumeur de la disparition de son talent\u201d<br \/>\navait \u00e9t\u00e9 \u201cconfirm\u00e9e\u201d. Une plaisanterie typique du<br \/>\nGorafi, mais qui a mal tourn\u00e9. Probl\u00e8me : en lisant trop<br \/>\nvite, plusieurs proches et admirateurs ont cru \u00e0 l\u2019annonce r\u00e9elle<br \/>\nde <strong>la mort de Samuel Le Bihan.\u00a0<\/strong><\/p>\n<p>Samuel Le Bihan : \u00ab\u00a0Ils se sont plant\u00e9s\u00a0\u00bb<\/p>\n<p>Le mot \u201ctalent\u201d, plac\u00e9 apr\u00e8s son nom, a \u00e9chapp\u00e9 \u00e0<br \/>\nbeaucoup. \u201cLes types du Gorafi.fr sont plut\u00f4t dr\u00f4les<br \/>\nd\u2019habitude, ils ont de belles trouvailles, mais l\u00e0, ils se sont<br \/>\nplant\u00e9s\u201d, a-t-il confi\u00e9 \u00e0 <a href=\"https:\/\/www.telestar.fr\/people\/samuel-le-bihan-a-cause-du-gorafi-des-gens-ont-cru-que-j-etais-mort-exclu-14769\" target=\"_blank\" rel=\"nofollow noopener\">T\u00e9l\u00e9 Star<\/a>.<br \/>\nL\u2019acteur raconte avoir d\u00fb rassurer ses proches, boulevers\u00e9s par la<br \/>\nnouvelle : \u201cDes gens ont eu tr\u00e8s peur, ils ont \u00e9t\u00e9 t\u00e9tanis\u00e9s<br \/>\npendant deux jours. Si vous lisez l\u2019article rapidement, vous croyez<br \/>\nvraiment que je suis mort.\u201d<\/p>\n<p>Une situation cocasse, mais difficile \u00e0 vivre pour le com\u00e9dien,<br \/>\nqui a d\u00fb faire face \u00e0 un flot d\u2019appels inquiets. D\u2019autant que,<br \/>\nselon <a href=\"https:\/\/www.closermag.fr\/people\/toujours-dans-la-culpabilite-samuel-le-bihan-se-confie-en-toute-franchise-sur-ses-trois-enfants-3589527\" target=\"_blank\" rel=\"noopener\"><br \/>\nle p\u00e8re de famille<\/a>, \u201cle Gorafi a rat\u00e9 son coup\u201d sur ce<br \/>\ncoup-l\u00e0, m\u00eame s\u2019il reconna\u00eet le second degr\u00e9 habituel du site.<br \/>\n\u00a0Face \u00e0 la pol\u00e9mique, l\u2019\u00e9quipe du Gorafi n\u2019a pas tard\u00e9 \u00e0<br \/>\nrebondir avec un faux droit de r\u00e9ponse intitul\u00e9 : \u201c\u00c0 cause du<br \/>\nGorafi, tout le monde a cru que j\u2019\u00e9tais r\u00e9ellement un<br \/>\nacteur\u201d.\u00a0<\/p>\n<p>Une r\u00e9ponse pleine d\u2019ironie et un<br \/>\nsecond coup du Gorafi<\/p>\n<p>Dans ce texte truff\u00e9 d\u2019humour noir, les auteurs imaginent Samuel<br \/>\nLe Bihan expliquant que des proches ont \u00e9t\u00e9 persuad\u00e9s qu\u2019il<br \/>\n<strong>\u201c\u00e9tait un com\u00e9dien de cin\u00e9ma et de<br \/>\nth\u00e9\u00e2tre\u201d.<\/strong><\/p>\n<p>Une pique suppl\u00e9mentaire qui n\u2019a visiblement pas amus\u00e9 le<br \/>\nprincipal concern\u00e9. Pourtant, Samuel Le Bihan pr\u00e9f\u00e8re en rire<br \/>\naujourd\u2019hui, m\u00eame s\u2019il n\u2019a pas totalement dig\u00e9r\u00e9 l\u2019affaire :<br \/>\n\u201cS\u2019ils ont estim\u00e9 que mon talent \u00e9tait mort, c\u2019est qu\u2019ils ont<br \/>\nconsid\u00e9r\u00e9 qu\u2019\u00e0 un moment, j\u2019en avais un ! Je les rassure : il n\u2019est<br \/>\npas mort.\u201d Toujours aussi d\u00e9termin\u00e9, le h\u00e9ros d\u2019Alex Hugo<br \/>\nconclut avec philosophie : \u201cCe n\u2019est pas parce que j\u2019ai fait<br \/>\nune pub pour un parfum que mon talent a disparu. J\u2019ai encore de la<br \/>\nressource sous le pied !\u201d Une mise au point pleine d\u2019esprit,<br \/>\nqui prouve que Samuel Le Bihan, lui, est bel et bien vivant.<\/p>\n","protected":false},"excerpt":{"rendered":"Ce mardi 4 novembre 2025, Samuel Le Bihan revient sur France 3 dans un nouvel \u00e9pisode d\u2019Alex Hugo,&hellip;\n","protected":false},"author":2,"featured_media":512034,"comment_status":"","ping_status":"","sticky":false,"template":"","format":"standard","meta":{"footnotes":""},"categories":[1359],"tags":[58,59,1011,27,973,38639],"class_list":{"0":"post-512033","1":"post","2":"type-post","3":"status-publish","4":"format-standard","5":"has-post-thumbnail","7":"category-people","8":"tag-divertissement","9":"tag-entertainment","10":"tag-fr","11":"tag-france","12":"tag-people","13":"tag-samuel-le-bihan"},"share_on_mastodon":{"url":"https:\/\/pubeurope.com\/@fr\/115493575790376040","error":""},"_links":{"self":[{"href":"https:\/\/www.europesays.com\/fr\/wp-json\/wp\/v2\/posts\/512033","targetHints":{"allow":["GET"]}}],"collection":[{"href":"https:\/\/www.europesays.com\/fr\/wp-json\/wp\/v2\/posts"}],"about":[{"href":"https:\/\/www.europesays.com\/fr\/wp-json\/wp\/v2\/types\/post"}],"author":[{"embeddable":true,"href":"https:\/\/www.europesays.com\/fr\/wp-json\/wp\/v2\/users\/2"}],"replies":[{"embeddable":true,"href":"https:\/\/www.europesays.com\/fr\/wp-json\/wp\/v2\/comments?post=512033"}],"version-history":[{"count":0,"href":"https:\/\/www.europesays.com\/fr\/wp-json\/wp\/v2\/posts\/512033\/revisions"}],"wp:featuredmedia":[{"embeddable":true,"href":"https:\/\/www.europesays.com\/fr\/wp-json\/wp\/v2\/media\/512034"}],"wp:attachment":[{"href":"https:\/\/www.europesays.com\/fr\/wp-json\/wp\/v2\/media?parent=512033"}],"wp:term":[{"taxonomy":"category","embeddable":true,"href":"https:\/\/www.europesays.com\/fr\/wp-json\/wp\/v2\/categories?post=512033"},{"taxonomy":"post_tag","embeddable":true,"href":"https:\/\/www.europesays.com\/fr\/wp-json\/wp\/v2\/tags?post=512033"}],"curies":[{"name":"wp","href":"https:\/\/api.w.org\/{rel}","templated":true}]}}