{"id":512037,"date":"2025-11-04T21:36:14","date_gmt":"2025-11-04T21:36:14","guid":{"rendered":"https:\/\/www.europesays.com\/fr\/512037\/"},"modified":"2025-11-04T21:36:14","modified_gmt":"2025-11-04T21:36:14","slug":"fabien-lecoeuvre-quitte-en-direct-le-plateau-de-tout-beau-tout-neuf","status":"publish","type":"post","link":"https:\/\/www.europesays.com\/fr\/512037\/","title":{"rendered":"Fabien Lec\u0153uvre quitte en direct le plateau de \u00abTout beau tout neuf\u00bb"},"content":{"rendered":"<p>    Matthieu Delormeau et Fabien Lec\u0153uvre dans \u00abTBT9\u00bb.<br \/>\n                Capture \u00e9cran.<\/p>\n<p>\n    Le chroniqueur sp\u00e9cialiste de l\u2019actualit\u00e9 people n\u2019a pas appr\u00e9ci\u00e9 une remarque de son coll\u00e8gue Matthieu Delormeau dans le talk-show de W9 anim\u00e9 par Cyril Hanouna.<\/p>\n<p class=\"fig-paragraph\">Le plateau de \u00abTout beau tout neuf\u00bb est particuli\u00e8rement dissip\u00e9 ce mardi 4 novembre.\u00a0<a href=\"http:\/\/tvmag.lefigaro.fr\/programme-tv\/actu-tele\/c-est-un-vol-notoire-fabien-lecoeuvre-s-exprime-sur-son-proces-gagne-face-a-grand-corps-malade-20251027\" target=\"_blank\" data-fig-type=\"Article\" rel=\"noopener\" data-gtm-custom-categorie=\"navigation\" data-gtm-custom-action=\"crossclick\" data-gtm-custom-label=\"Contextuel\" data-gtm-event=\"customEventSPE\" data-fig-domain=\"TVMAG\"><strong>Fabien Lec\u0153uvre<\/strong><\/a>, qui r\u00e9gale chaque soir les t\u00e9l\u00e9spectateurs avec l\u2019actualit\u00e9 des personnalit\u00e9s dans le talk-show anim\u00e9 par\u00a0<a href=\"http:\/\/tvmag.lefigaro.fr\/programme-tv\/actu-tele\/tu-as-vraiment-de-tres-beaux-souliers-cyril-hanouna-ironise-encore-sur-nagui-dans-tout-beau-tout-n9uf-sur-w9-20251104\" target=\"_blank\" data-fig-type=\"Article\" rel=\"noopener\" data-gtm-custom-categorie=\"navigation\" data-gtm-custom-action=\"crossclick\" data-gtm-custom-label=\"Contextuel\" data-gtm-event=\"customEventSPE\" data-fig-domain=\"TVMAG\">Cyril Hanouna<\/a>, a montr\u00e9 son profond agacement. Au point de quitter le plateau.<\/p>\n<p class=\"fig-paragraph\">\u00abCela ne vous int\u00e9resse pas\u00a0? On passe \u00e0 autre chose\u00a0?\u00bb, commence-t-il \u00e0 s\u2019impatienter tandis qu\u2019il \u00e9voque les relations entre le chanteur Renaud et sa fille Lolita. En effet, les autres chroniqueurs de W9 sont, hors-champ, pris d\u2019un fou rire. Matthieu Delormeau, \u00e0 la droite de Fabien Lec\u0153uvre, d\u00e9clare alors\u00a0: \u00abJe n\u2019ai rien dit. Il va encore m\u2019appeler ce soir pour m\u2019engueuler\u00bb.<\/p>\n<p>                                    <a class=\"fig-a11y-skip a11y-hidden\" href=\"#fig-a11y-skip-main-inarticle\"><br \/>\n        Passer la publicit\u00e9<br \/>\n    <\/a><\/p>\n<p>\u00abVive le direct\u00bb<\/p>\n<p class=\"fig-paragraph\">\u00abD\u2019avoir un turbulent \u00e0 c\u00f4t\u00e9, c\u2019est compliqu\u00e9\u00bb, confirme le sp\u00e9cialiste de la chanson fran\u00e7aise. \u00abJe suis d\u00e9sol\u00e9 mon chou, mais d\u2019avoir un escroc \u00e0 c\u00f4t\u00e9 aussi, pardon\u00bb, r\u00e9torque le chroniqueur de retour cette saison apr\u00e8s\u00a0<a href=\"http:\/\/tvmag.lefigaro.fr\/programme-tv\/actu-tele\/je-suis-reste-dans-un-cachot-de-4-m2-pendant-vingt-heures-matthieu-delormeau-raconte-l-enfer-de-la-drogue-20250905\" target=\"_blank\" data-fig-type=\"Article\" rel=\"noopener\" data-gtm-custom-categorie=\"navigation\" data-gtm-custom-action=\"crossclick\" data-gtm-custom-label=\"Contextuel\" data-gtm-event=\"customEventSPE\" data-fig-domain=\"TVMAG\">ses d\u00e9boires avec la justice<\/a>. Une situation qui est souvent\u00a0<a href=\"http:\/\/tvmag.lefigaro.fr\/programme-tv\/actu-tele\/je-suis-mieux-sur-slam-qu-en-garde-a-vue-valerie-benaim-tacle-matthieu-delormeau-20251015\" target=\"_blank\" data-fig-type=\"Article\" rel=\"noopener\" data-gtm-custom-categorie=\"navigation\" data-gtm-custom-action=\"crossclick\" data-gtm-custom-label=\"Contextuel\" data-gtm-event=\"customEventSPE\" data-fig-domain=\"TVMAG\">la cible de railleries<\/a>\u00a0dans \u00abTBT9\u00bb.<\/p>\n<p class=\"fig-paragraph\">Mais pour Fabien Lec\u0153uvre, l\u2019injure est faite. Il d\u00e9cide de remballer ses fiches et de quitter le plateau. \u00abJe ne suis pas d\u2019accord. Escroc, je ne peux pas\u00bb, explique-t-il. \u00abMoi, on m\u2019appelle le taulard, un peu de second degr\u00e9\u00bb, argumente Matthieu Delormeau qui, dans un premier temps, refuse de s\u2019excuser.<\/p>\n<p class=\"fig-paragraph\">Il finira par affirmer face cam\u00e9ra en l\u2019appelant par son surnom: \u00abBigi, tout ce qui est excessif est insignifiant, je te pr\u00e9sente mes excuses. Un peu d\u2019humour\u00bb. Sous les insistances du public et de l\u2019animateur Cyril Hanouna, Fabien Lec\u0153uvre finira par revenir en plateau et poursuivra sa chronique. Une accolade scellera m\u00eame leur r\u00e9conciliation. \u00abVive le direct\u00bb, peut-on entendre s\u2019enthousiasmer\u00a0<a href=\"http:\/\/tvmag.lefigaro.fr\/programme-tv\/actu-tele\/le-carnet-de-notes-de-touche-pas-a-mon-poste-raymond-aabou-major-de-promo-valerie-benaim-loin-derriere-20241115\" target=\"_blank\" data-fig-type=\"Article\" rel=\"noopener\" data-gtm-custom-categorie=\"navigation\" data-gtm-custom-action=\"crossclick\" data-gtm-custom-label=\"Contextuel\" data-gtm-event=\"customEventSPE\" data-fig-domain=\"TVMAG\">Raymond Aabou<\/a>.<\/p>\n","protected":false},"excerpt":{"rendered":"Matthieu Delormeau et Fabien Lec\u0153uvre dans \u00abTBT9\u00bb. Capture \u00e9cran. Le chroniqueur sp\u00e9cialiste de l\u2019actualit\u00e9 people n\u2019a pas appr\u00e9ci\u00e9&hellip;\n","protected":false},"author":2,"featured_media":512038,"comment_status":"","ping_status":"","sticky":false,"template":"","format":"standard","meta":{"footnotes":""},"categories":[1356],"tags":[1083,58,59,1011,27,7830,252,1364],"class_list":{"0":"post-512037","1":"post","2":"type-post","3":"status-publish","4":"format-standard","5":"has-post-thumbnail","7":"category-television","8":"tag-cyril-hanouna","9":"tag-divertissement","10":"tag-entertainment","11":"tag-fr","12":"tag-france","13":"tag-matthieu-delormeau","14":"tag-television","15":"tag-tv"},"share_on_mastodon":{"url":"","error":""},"_links":{"self":[{"href":"https:\/\/www.europesays.com\/fr\/wp-json\/wp\/v2\/posts\/512037","targetHints":{"allow":["GET"]}}],"collection":[{"href":"https:\/\/www.europesays.com\/fr\/wp-json\/wp\/v2\/posts"}],"about":[{"href":"https:\/\/www.europesays.com\/fr\/wp-json\/wp\/v2\/types\/post"}],"author":[{"embeddable":true,"href":"https:\/\/www.europesays.com\/fr\/wp-json\/wp\/v2\/users\/2"}],"replies":[{"embeddable":true,"href":"https:\/\/www.europesays.com\/fr\/wp-json\/wp\/v2\/comments?post=512037"}],"version-history":[{"count":0,"href":"https:\/\/www.europesays.com\/fr\/wp-json\/wp\/v2\/posts\/512037\/revisions"}],"wp:featuredmedia":[{"embeddable":true,"href":"https:\/\/www.europesays.com\/fr\/wp-json\/wp\/v2\/media\/512038"}],"wp:attachment":[{"href":"https:\/\/www.europesays.com\/fr\/wp-json\/wp\/v2\/media?parent=512037"}],"wp:term":[{"taxonomy":"category","embeddable":true,"href":"https:\/\/www.europesays.com\/fr\/wp-json\/wp\/v2\/categories?post=512037"},{"taxonomy":"post_tag","embeddable":true,"href":"https:\/\/www.europesays.com\/fr\/wp-json\/wp\/v2\/tags?post=512037"}],"curies":[{"name":"wp","href":"https:\/\/api.w.org\/{rel}","templated":true}]}}