{"id":512039,"date":"2025-11-04T21:37:17","date_gmt":"2025-11-04T21:37:17","guid":{"rendered":"https:\/\/www.europesays.com\/fr\/512039\/"},"modified":"2025-11-04T21:37:17","modified_gmt":"2025-11-04T21:37:17","slug":"helena-a-ecrit-une-chanson-quelle-refuse-dinterpreter-sur-scene-pour-une-raison-bouleversante-je-ne-la-chanterai-jamais-de-ma-vie","status":"publish","type":"post","link":"https:\/\/www.europesays.com\/fr\/512039\/","title":{"rendered":"Helena a \u00e9crit une chanson qu&rsquo;elle refuse d&rsquo;interpr\u00e9ter sur sc\u00e8ne pour une raison bouleversante : \u00ab\u00a0Je ne la chanterai jamais de ma vie\u00a0\u00bb"},"content":{"rendered":"<p class=\"ap-StoryElement ap-StoryElement--mb ap-StoryText\">En seulement quelques mois, Helena est devenue une grande artiste et une v\u00e9ritable star. Derni\u00e8re preuve en date : elle a remport\u00e9 deux prix aux NRJ Music Awards, ce vendredi 31 octobre 2025. Ses albums H\u00e9l\u00e9 et H\u00e9l\u00e9 2 ont rencontr\u00e9s un franc succ\u00e8s. Elle y aborde plusieurs sujets, mais il y en a un que l&rsquo;artiste de 23 ans n&rsquo;a finalement pas voulu exposer au grand jour.<\/p>\n<p class=\"ap-StoryElement ap-StoryElement--mb ap-StoryText\">C&rsquo;est sur M Radio qu&rsquo;elle s&rsquo;est confi\u00e9 \u00e0 propos d&rsquo;une chanson qu&rsquo;elle a d\u00e9cid\u00e9 de ne jamais sortir. Le probl\u00e8me de celle-ci, ce n&rsquo;\u00e9tait pas qu&rsquo;elle n&rsquo;\u00e9tait pas belle ou pas sinc\u00e8re ou alors qu&rsquo;elle ne lui plaisait simplement pas. La raison pour laquelle elle a choisi de laiss\u00e9 cette composition dans l&rsquo;ombre, c&rsquo;est parce qu&rsquo;elle touche une trag\u00e9die v\u00e9cue par la jeune femme dans son enfance, un chapitre intime et bouleversant de sa vie.<\/p>\n","protected":false},"excerpt":{"rendered":"En seulement quelques mois, Helena est devenue une grande artiste et une v\u00e9ritable star. Derni\u00e8re preuve en date&hellip;\n","protected":false},"author":2,"featured_media":512040,"comment_status":"","ping_status":"","sticky":false,"template":"","format":"standard","meta":{"footnotes":""},"categories":[1355],"tags":[1692,1695,3983,58,59,1011,27,22101,5094,1361,873,7347],"class_list":{"0":"post-512039","1":"post","2":"type-post","3":"status-publish","4":"format-standard","5":"has-post-thumbnail","7":"category-musique","8":"tag-album","9":"tag-chanson","10":"tag-deces","11":"tag-divertissement","12":"tag-entertainment","13":"tag-fr","14":"tag-france","15":"tag-frere","16":"tag-helena","17":"tag-music","18":"tag-musique","19":"tag-scene"},"share_on_mastodon":{"url":"https:\/\/pubeurope.com\/@fr\/115493591165201960","error":""},"_links":{"self":[{"href":"https:\/\/www.europesays.com\/fr\/wp-json\/wp\/v2\/posts\/512039","targetHints":{"allow":["GET"]}}],"collection":[{"href":"https:\/\/www.europesays.com\/fr\/wp-json\/wp\/v2\/posts"}],"about":[{"href":"https:\/\/www.europesays.com\/fr\/wp-json\/wp\/v2\/types\/post"}],"author":[{"embeddable":true,"href":"https:\/\/www.europesays.com\/fr\/wp-json\/wp\/v2\/users\/2"}],"replies":[{"embeddable":true,"href":"https:\/\/www.europesays.com\/fr\/wp-json\/wp\/v2\/comments?post=512039"}],"version-history":[{"count":0,"href":"https:\/\/www.europesays.com\/fr\/wp-json\/wp\/v2\/posts\/512039\/revisions"}],"wp:featuredmedia":[{"embeddable":true,"href":"https:\/\/www.europesays.com\/fr\/wp-json\/wp\/v2\/media\/512040"}],"wp:attachment":[{"href":"https:\/\/www.europesays.com\/fr\/wp-json\/wp\/v2\/media?parent=512039"}],"wp:term":[{"taxonomy":"category","embeddable":true,"href":"https:\/\/www.europesays.com\/fr\/wp-json\/wp\/v2\/categories?post=512039"},{"taxonomy":"post_tag","embeddable":true,"href":"https:\/\/www.europesays.com\/fr\/wp-json\/wp\/v2\/tags?post=512039"}],"curies":[{"name":"wp","href":"https:\/\/api.w.org\/{rel}","templated":true}]}}