{"id":512041,"date":"2025-11-04T21:38:14","date_gmt":"2025-11-04T21:38:14","guid":{"rendered":"https:\/\/www.europesays.com\/fr\/512041\/"},"modified":"2025-11-04T21:38:14","modified_gmt":"2025-11-04T21:38:14","slug":"predator-badlands-de-dan-trachtenberg-a-visage-humanoide-liberation","status":"publish","type":"post","link":"https:\/\/www.europesays.com\/fr\/512041\/","title":{"rendered":"\u00abPredator: Badlands\u00bb de Dan Trachtenberg, \u00e0 visage humano\u00efde &#8211; Lib\u00e9ration"},"content":{"rendered":"<ol>\n<li><a href=\"https:\/\/news.google.com\/rss\/articles\/CBMizwFBVV95cUxPOE52TjNoa2VXSEZzOHcwZkx6U2ZZdzRmOVNOR253WTlSMmR0UnUtNTdXN0hmRTU2YnlaeWZoMGpva1k0akVtNjE3Y2dwY0RUN2kxLUx2MmFBV3A4X3Q4YUZaRUpYSERUNkt1bmJSYXV4dlB0NjlMY2kwRnEtUDBSM0w2aVlrdDNhbVNfOVNrMzJNWXpPaVBYR1hXZHhIbEJBVUN0LTFSU0VYYmZsdm5LRml6clhaQ0JDYjdLY0c2Ymo1d19Rcl9sX3VhQ2hkNGc?oc=5\" target=\"_blank\" rel=\"noopener\">\u00abPredator: Badlands\u00bb de Dan Trachtenberg, \u00e0 visage humano\u00efde<\/a>&nbsp;&nbsp;Lib\u00e9ration<\/li>\n<li><a href=\"https:\/\/news.google.com\/rss\/articles\/CBMi0gFBVV95cUxONXVJWDVnQU5lSUhaU3hBWjVsdmtvRVl6WFN6S1ZUdXpsVHdjeGxmN3hDemlDNThTTnpTemN1NXJ1NnNVemhBX1FGeXd6VHA2NDc2REp5QkZsYURCdHp4elZNOFcyby1XNkdXZ3dPelFBb3BaTHlEdE1kWHhPakhoQkNqbWI4WjNidDk1d1kwNDdDYXJxQnM5eDdycE9VLVpXVjhsTnR0SGFFUkwwdkhXbDVIRm9kZzdTcDB3TldhWUZXVDRnOXJIQU5fVDhoQWtQQ0E?oc=5\" target=\"_blank\" rel=\"noopener\">Spectaculaire, sauvage et \u00e9mouvant, \u00ab\u00a0Predator : Badlands\u00a0\u00bb est une petite tuerie<\/a>&nbsp;&nbsp;TF1 Info<\/li>\n<li><a href=\"https:\/\/news.google.com\/rss\/articles\/CBMi5gFBVV95cUxOdDhhMFlzNTlpRDZ6UHdpUDJ4WFVqRWFwM0l6NHEwMXdmWHhybXhWblBGY0VfZU8tVGlMSXNDNHFIOFlCczJJZjRGWU9PWi0ta0xPczdNQU1EVzk3QW9VVWZ0eXJfbHlJTS00LU0tTVlJM0JJSG9FYUhSZGliU095T25wM0NsMno0RVRvQy1hUDB5YlVwZUJxYWZEMFQzUzBSX2VLZFdmU1hZVHBQZy1NdnY4aXd2d1J6NFQxQ1QtNHYxT29VVmxvRWZqekdsaW1sUUE0a3RYUEJFT3BSRHA5MF9FM3NrQQ?oc=5\" target=\"_blank\" rel=\"noopener\">Critique cin\u00e9 : \u00ab\u00a0Predator : Badlands\u00a0\u00bb, une s\u00e9rie B proprette aussit\u00f4t vue, aussit\u00f4t oubli\u00e9e<\/a>&nbsp;&nbsp;La Provence<\/li>\n<li><a href=\"https:\/\/news.google.com\/rss\/articles\/CBMitAFBVV95cUxNN0dQNTU5YnJsWGhMUmJuUUUwbG1FNmZSbmVNcm9CcEJmc05XbXhWdG9XUEtMSWZQdVBmMnM3NjVzNHVtaTFHRU52aFJuV2FVMkI0d25ucksyY2JVTlBOY1E2MmlQcld1Xzh2d1JTTUdvVFpkNUhyWHRqalBtVl95Z2tEWUhoZTVHb1Y0QkUxSDZDRXhJZFRGZmdWYWJiMm05VnVzaTBzc1JwOFBYUEgtM3ZydVTSAboBQVVfeXFMTU5rcUN6ZXkwVUlMemJKOWk4OXhBOE5XTGx0RGdFOGpZX1FaTW0xdEZYX3g5Y2JsUVFYcGhsdHNObWlUYjhWU2E3UElwdVY5TW9laTFVWS1xSGdaci1HcHZQUlgtRkFOc0RMb3c2STJ4aVo2ZEFLSG91SC1BNjNqMjM0THROUWNqR2tpRmZ1ZERndTR4WmQ0UEdtODFuejJxUm1meTdGcjNXVE5kV0phMHZTQ19Wa2pHZnZn?oc=5\" target=\"_blank\" rel=\"noopener\">\u00abPredator : Badlands\u00bb : on a vu le dernier volet de la saga, et voici ce qu&rsquo;on en a pens\u00e9<\/a>&nbsp;&nbsp;CNews<\/li>\n<li><a href=\"https:\/\/news.google.com\/rss\/articles\/CBMi1AFBVV95cUxPS0JnRTgwR0ZYVFkycF9rSC1UNFY2eFN6NlNhbTZzYjNJenVxMG9MNXh4c0lSQWNLdDdPaU5Vb1IySWZoQ1FEelFubzZRUTF5b3BWV005dVBCR2VIaDRuWHFFay1ybEhJX2t4SC14dWl6cDNwNkJBVXYxaGFQQlRWU3hZLXhHbGNaT3Z0WHU2S09PVHdzMHoxVFpONEpYMXZPVjVGdU1QWXVWbnk5UGJVcHFMcTMzLWhGSnAzOV9Nc3ozeXFWM1lPcHBJMzg3MjVNODJBXw?oc=5\" target=\"_blank\" rel=\"noopener\">\u201cPredator : Badlands\u201d : un blockbuster SF \u00e0 l\u2019univers foisonnant assez inventif<\/a>&nbsp;&nbsp;Les Inrocks<\/li>\n<\/ol>\n","protected":false},"excerpt":{"rendered":"\u00abPredator: Badlands\u00bb de Dan Trachtenberg, \u00e0 visage humano\u00efde&nbsp;&nbsp;Lib\u00e9ration Spectaculaire, sauvage et \u00e9mouvant, \u00ab\u00a0Predator : Badlands\u00a0\u00bb est une petite&hellip;\n","protected":false},"author":2,"featured_media":512042,"comment_status":"","ping_status":"","sticky":false,"template":"","format":"standard","meta":{"footnotes":""},"categories":[1354],"tags":[44261,58,63274,59,1346,1011,27,1360,63275,63276],"class_list":{"0":"post-512041","1":"post","2":"type-post","3":"status-publish","4":"format-standard","5":"has-post-thumbnail","7":"category-films","8":"tag-20th-century-studios","9":"tag-divertissement","10":"tag-elle-fanning","11":"tag-entertainment","12":"tag-films","13":"tag-fr","14":"tag-france","15":"tag-movies","16":"tag-predator-badlands","17":"tag-thia"},"share_on_mastodon":{"url":"https:\/\/pubeurope.com\/@fr\/115493595220085624","error":""},"_links":{"self":[{"href":"https:\/\/www.europesays.com\/fr\/wp-json\/wp\/v2\/posts\/512041","targetHints":{"allow":["GET"]}}],"collection":[{"href":"https:\/\/www.europesays.com\/fr\/wp-json\/wp\/v2\/posts"}],"about":[{"href":"https:\/\/www.europesays.com\/fr\/wp-json\/wp\/v2\/types\/post"}],"author":[{"embeddable":true,"href":"https:\/\/www.europesays.com\/fr\/wp-json\/wp\/v2\/users\/2"}],"replies":[{"embeddable":true,"href":"https:\/\/www.europesays.com\/fr\/wp-json\/wp\/v2\/comments?post=512041"}],"version-history":[{"count":0,"href":"https:\/\/www.europesays.com\/fr\/wp-json\/wp\/v2\/posts\/512041\/revisions"}],"wp:featuredmedia":[{"embeddable":true,"href":"https:\/\/www.europesays.com\/fr\/wp-json\/wp\/v2\/media\/512042"}],"wp:attachment":[{"href":"https:\/\/www.europesays.com\/fr\/wp-json\/wp\/v2\/media?parent=512041"}],"wp:term":[{"taxonomy":"category","embeddable":true,"href":"https:\/\/www.europesays.com\/fr\/wp-json\/wp\/v2\/categories?post=512041"},{"taxonomy":"post_tag","embeddable":true,"href":"https:\/\/www.europesays.com\/fr\/wp-json\/wp\/v2\/tags?post=512041"}],"curies":[{"name":"wp","href":"https:\/\/api.w.org\/{rel}","templated":true}]}}