{"id":512051,"date":"2025-11-04T21:43:13","date_gmt":"2025-11-04T21:43:13","guid":{"rendered":"https:\/\/www.europesays.com\/fr\/512051\/"},"modified":"2025-11-04T21:43:13","modified_gmt":"2025-11-04T21:43:13","slug":"carmat-une-nouvelle-offre-de-reprise-a-ete-deposee-04-11-2025-a-1951","status":"publish","type":"post","link":"https:\/\/www.europesays.com\/fr\/512051\/","title":{"rendered":"Carmat: une nouvelle offre de reprise a \u00e9t\u00e9 d\u00e9pos\u00e9e &#8211; 04\/11\/2025 \u00e0 19:51"},"content":{"rendered":"<p>        <img decoding=\"async\" src=\"https:\/\/www.europesays.com\/fr\/wp-content\/uploads\/2025\/11\/9413e8017d73d73c0a35b772964f0cea-760x507.jpg\" alt=\"( AFP \/ BERTRAND GUAY )\" loading=\"eager\" fetchpriority=\"high\" width=\"760\" height=\"507\" style=\"max-width: 100%!important; height: auto;\"\/><\/p>\n<p class=\"c-image-news__legend\">( AFP \/ BERTRAND GUAY )<\/p>\n<p>\n Une offre de reprise a \u00e9t\u00e9 d\u00e9pos\u00e9e \u00e0 l&rsquo;issue d&rsquo;un nouvel appel d&rsquo;offres dans le cadre de la proc\u00e9dure de redressement judiciaire du pionnier fran\u00e7ais d&rsquo;un coeur artificiel,<br \/>\n <a href=\"https:\/\/www.boursorama.com\/cours\/1rEPALCAR\/\" target=\"_blank\" rel=\"noopener\"><br \/>\n  Carmat<br \/>\n <\/a><br \/>\n , a annonc\u00e9 mardi la soci\u00e9t\u00e9.\n<\/p>\n<p>\n En redressement judiciaire depuis d\u00e9but juillet, Carmat avait fait l&rsquo;objet en ao\u00fbt d&rsquo;une premi\u00e8re offre de reprise \u00e9manant de son pr\u00e9sident du conseil d\u2019administration et actionnaire Pierre Bastid, mais celle-ci avait \u00e9t\u00e9 jug\u00e9e irrecevable fin septembre, l&rsquo;homme d&rsquo;affaires n&rsquo;ayant pas r\u00e9ussi \u00e0 temps \u00e0 mobiliser les fonds pour tenir les engagements de son plan de reprise.\n<\/p>\n<p>\n Mi-octobre, le tribunal des affaires \u00e9conomiques de Versailles avait d\u00e9cid\u00e9 de renvoyer au 25 novembre l&rsquo;examen de la requ\u00eate en liquidation judiciaire de la soci\u00e9t\u00e9, un d\u00e9lai permettant de lancer un nouvel appel d&rsquo;offres.\n<\/p>\n<p>\n La date-butoir de d\u00e9p\u00f4t des offres avait \u00e9t\u00e9 fix\u00e9e au 3 novembre.\n<\/p>\n<p>\n La nouvelle proposition passe par la cr\u00e9ation d&rsquo;une nouvelle entit\u00e9, la soci\u00e9t\u00e9 \u00ab\u00a0Carmat SAS\u00a0\u00bb, \u00ab\u00a0dont le capital social est d\u00e9tenu \u00e0 ce jour par Lohas\u00a0\u00bb, soci\u00e9t\u00e9 contr\u00f4l\u00e9e par M. Pierre Bastid, selon un communiqu\u00e9.\n<\/p>\n<p>\n \u00ab\u00a0L\u2019offre peut encore \u00e9voluer jusqu\u2019au 20 novembre\u00a0\u00bb, avant d&rsquo;\u00eatre examin\u00e9e par le Tribunal des activit\u00e9s \u00e9conomiques de Versailles lors de l&rsquo;audience pr\u00e9vue le 25 novembre, souligne Carmat qui n&rsquo;a pas fourni de d\u00e9tails sur le contenu de l&rsquo;offre.\n<\/p>\n<p>\n Le coeur artificiel de Carmat, avec lequel 122 patients en insuffisance cardiaque s\u00e9v\u00e8re ont \u00e9t\u00e9 trait\u00e9s en attendant une greffe, comprend une proth\u00e8se reproduisant la forme et la fonction d&rsquo;un c\u0153ur naturel et d&rsquo;une tablette pour r\u00e9gler les param\u00e8tres.\n<\/p>\n<p>\n A ce jour, il reste \u00ab\u00a014 patients implant\u00e9s, dont neuf en France, trois en Allemagne, un en Isra\u00ebl et un en Italie\u00a0\u00bb, a indiqu\u00e9 \u00e0 l&rsquo;AFP le directeur g\u00e9n\u00e9ral de la soci\u00e9t\u00e9, St\u00e9phane Piat.\n<\/p>\n<p>\n Le co\u00fbt tr\u00e8s \u00e9lev\u00e9 du dispositif &#8211; 200.000 euros &#8211; et son utilisation restreinte \u00e0 un nombre limit\u00e9 de patients ont fini par fragiliser son mod\u00e8le \u00e9conomique.<\/p>\n","protected":false},"excerpt":{"rendered":"( AFP \/ BERTRAND GUAY ) Une offre de reprise a \u00e9t\u00e9 d\u00e9pos\u00e9e \u00e0 l&rsquo;issue d&rsquo;un nouvel appel&hellip;\n","protected":false},"author":2,"featured_media":512052,"comment_status":"","ping_status":"","sticky":false,"template":"","format":"standard","meta":{"footnotes":""},"categories":[6],"tags":[400,398,408,35,405,33,34,1011,27,403,402,399,404,401,406,407],"class_list":{"0":"post-512051","1":"post","2":"type-post","3":"status-publish","4":"format-standard","5":"has-post-thumbnail","7":"category-economie","8":"tag-action-cac-40","9":"tag-bourse-de-paris","10":"tag-boursorama","11":"tag-business","12":"tag-cotations","13":"tag-economie","14":"tag-economy","15":"tag-fr","16":"tag-france","17":"tag-indices-devises","18":"tag-investir","19":"tag-investissement","20":"tag-marche-boursier","21":"tag-sicav","22":"tag-trackers","23":"tag-warrants"},"share_on_mastodon":{"url":"https:\/\/pubeurope.com\/@fr\/115493615403680945","error":""},"_links":{"self":[{"href":"https:\/\/www.europesays.com\/fr\/wp-json\/wp\/v2\/posts\/512051","targetHints":{"allow":["GET"]}}],"collection":[{"href":"https:\/\/www.europesays.com\/fr\/wp-json\/wp\/v2\/posts"}],"about":[{"href":"https:\/\/www.europesays.com\/fr\/wp-json\/wp\/v2\/types\/post"}],"author":[{"embeddable":true,"href":"https:\/\/www.europesays.com\/fr\/wp-json\/wp\/v2\/users\/2"}],"replies":[{"embeddable":true,"href":"https:\/\/www.europesays.com\/fr\/wp-json\/wp\/v2\/comments?post=512051"}],"version-history":[{"count":0,"href":"https:\/\/www.europesays.com\/fr\/wp-json\/wp\/v2\/posts\/512051\/revisions"}],"wp:featuredmedia":[{"embeddable":true,"href":"https:\/\/www.europesays.com\/fr\/wp-json\/wp\/v2\/media\/512052"}],"wp:attachment":[{"href":"https:\/\/www.europesays.com\/fr\/wp-json\/wp\/v2\/media?parent=512051"}],"wp:term":[{"taxonomy":"category","embeddable":true,"href":"https:\/\/www.europesays.com\/fr\/wp-json\/wp\/v2\/categories?post=512051"},{"taxonomy":"post_tag","embeddable":true,"href":"https:\/\/www.europesays.com\/fr\/wp-json\/wp\/v2\/tags?post=512051"}],"curies":[{"name":"wp","href":"https:\/\/api.w.org\/{rel}","templated":true}]}}