{"id":512058,"date":"2025-11-04T21:47:34","date_gmt":"2025-11-04T21:47:34","guid":{"rendered":"https:\/\/www.europesays.com\/fr\/512058\/"},"modified":"2025-11-04T21:47:34","modified_gmt":"2025-11-04T21:47:34","slug":"une-classe-de-maternelle-relocalisee-a-lecole-elementaire-fauriel","status":"publish","type":"post","link":"https:\/\/www.europesays.com\/fr\/512058\/","title":{"rendered":"une classe de maternelle relocalis\u00e9e \u00e0 l\u2019\u00e9cole \u00e9l\u00e9mentaire Fauriel"},"content":{"rendered":"<p>\u00c0 la suite d\u2019un affaissement, courant octobre, d\u2019une partie de galerie o\u00f9 coule le ruisseau le Chavannelay, passant sous une zone de l\u2019\u00e9cole maternelle Fauriel, comprenant une classe et l\u2019ensemble du p\u00f4le sanitaire, la Ville de Saint-\u00c9tienne avait d\u00fb prendre rapidement des mesures, en concertation avec la direction des services d\u00e9partementaux de l\u2019\u00c9ducation nationale.<\/p>\n<p>Ferm\u00e9e lundi\u00a013 et mardi 14\u00a0octobre, l\u2019\u00e9cole, situ\u00e9e 32, rue des Francs-Ma\u00e7ons,<a href=\"https:\/\/www.leprogres.fr\/economie\/2025\/10\/13\/fermeture-de-l-ecole-maternelle-fauriel-des-etayages-provisoires-pour-rouvrir-jeudi\" target=\"_blank\" rel=\"noopener\"> avait pu rouvrir d\u00e8s le jeudi 16\u00a0octobre<\/a> apr\u00e8s l\u2019installation de toilettes, ceux du p\u00f4le sanitaire de l\u2019\u00e9cole maternelle n\u2019\u00e9tant plus accessibles.<\/p>\n<p>Durant les vacances scolaires de la Toussaint, Dominique Manin, adjointe \u00e0 l\u2019\u00e9ducation, les services de la Ville et ceux de l\u2019\u00c9ducation nationale ont travaill\u00e9 diff\u00e9rentes hypoth\u00e8ses. Ils ont cherch\u00e9 la meilleure solution pour les enfants et leur professeur des \u00e9coles ne pouvant plus acc\u00e9der \u00e0 leur classe pour qu\u2019ils puissent poursuivre le plus sereinement possible l\u2019ann\u00e9e scolaire.<\/p>\n<p>  Des travaux pr\u00e9vus sur plusieurs mois<\/p>\n<p>Apr\u00e8s une r\u00e9union de travail qui s\u2019est tenue ce lundi 3\u00a0novembre en fin de journ\u00e9e avec les enseignants de l\u2019\u00e9cole maternelle Fauriel et l\u2019Inspection acad\u00e9mique, il a \u00e9t\u00e9 act\u00e9 par les participants de ce temps d\u2019\u00e9changes de relocaliser la classe \u00e0 l\u2019\u00e9cole \u00e9l\u00e9mentaire Fauriel, 20 cours Fauriel. Ceci d\u00e8s jeudi 6\u00a0novembre et durant toute la p\u00e9riode de travaux pr\u00e9vue sur plusieurs mois.<\/p>\n<p>Ce mardi 4\u00a0novembre, les services de la Ville dont proc\u00e9d\u00e9 au d\u00e9m\u00e9nagement de la classe afin que les enfants retrouvent leur espace habituel.<\/p>\n<p class=\"note\">Pour les parents des \u00e9l\u00e8ves de la classe de maternelle de Fauriel souhaitant des informations compl\u00e9mentaires, il est possible d\u2019adresser un mail \u00e0 education@saint-etienne.fr ou\u00a0de contacter la plateforme Saint-Etienne Bonjour de la ville de Saint-Etienne au 04\u00a077\u00a048\u00a077\u00a048 afin de laisser\u00a0ses coordonn\u00e9es pour \u00eatre rappel\u00e9.<\/p>\n","protected":false},"excerpt":{"rendered":"\u00c0 la suite d\u2019un affaissement, courant octobre, d\u2019une partie de galerie o\u00f9 coule le ruisseau le Chavannelay, passant&hellip;\n","protected":false},"author":2,"featured_media":512059,"comment_status":"","ping_status":"","sticky":false,"template":"","format":"standard","meta":{"footnotes":""},"categories":[9653],"tags":[1111,11,2430,7539,1057,1777,674,1011,27,10425,12,25,4001,7538],"class_list":{"0":"post-512058","1":"post","2":"type-post","3":"status-publish","4":"format-standard","5":"has-post-thumbnail","7":"category-saint-etienne","8":"tag-actu","9":"tag-actualites","10":"tag-auvergne-rhone-alpes","11":"tag-edition-loire-sud","12":"tag-education","13":"tag-eu","14":"tag-europe","15":"tag-fr","16":"tag-france","17":"tag-maternelle-elementaire","18":"tag-news","19":"tag-republique-francaise","20":"tag-saint-etienne","21":"tag-saint-etienne-ville"},"share_on_mastodon":{"url":"https:\/\/pubeurope.com\/@fr\/115493630390783388","error":""},"_links":{"self":[{"href":"https:\/\/www.europesays.com\/fr\/wp-json\/wp\/v2\/posts\/512058","targetHints":{"allow":["GET"]}}],"collection":[{"href":"https:\/\/www.europesays.com\/fr\/wp-json\/wp\/v2\/posts"}],"about":[{"href":"https:\/\/www.europesays.com\/fr\/wp-json\/wp\/v2\/types\/post"}],"author":[{"embeddable":true,"href":"https:\/\/www.europesays.com\/fr\/wp-json\/wp\/v2\/users\/2"}],"replies":[{"embeddable":true,"href":"https:\/\/www.europesays.com\/fr\/wp-json\/wp\/v2\/comments?post=512058"}],"version-history":[{"count":0,"href":"https:\/\/www.europesays.com\/fr\/wp-json\/wp\/v2\/posts\/512058\/revisions"}],"wp:featuredmedia":[{"embeddable":true,"href":"https:\/\/www.europesays.com\/fr\/wp-json\/wp\/v2\/media\/512059"}],"wp:attachment":[{"href":"https:\/\/www.europesays.com\/fr\/wp-json\/wp\/v2\/media?parent=512058"}],"wp:term":[{"taxonomy":"category","embeddable":true,"href":"https:\/\/www.europesays.com\/fr\/wp-json\/wp\/v2\/categories?post=512058"},{"taxonomy":"post_tag","embeddable":true,"href":"https:\/\/www.europesays.com\/fr\/wp-json\/wp\/v2\/tags?post=512058"}],"curies":[{"name":"wp","href":"https:\/\/api.w.org\/{rel}","templated":true}]}}