{"id":512064,"date":"2025-11-04T21:51:07","date_gmt":"2025-11-04T21:51:07","guid":{"rendered":"https:\/\/www.europesays.com\/fr\/512064\/"},"modified":"2025-11-04T21:51:07","modified_gmt":"2025-11-04T21:51:07","slug":"initiative-a-nancy-college-et-lycee-sinvitent-a-lhopital-2","status":"publish","type":"post","link":"https:\/\/www.europesays.com\/fr\/512064\/","title":{"rendered":"Initiative. \u00c0 Nancy, coll\u00e8ge et lyc\u00e9e s\u2019invitent \u00e0 l\u2019h\u00f4pital"},"content":{"rendered":"<p>Offrir une \u00ab\u00a0continuit\u00e9 p\u00e9dagogique\u00a0\u00bb, rompre l\u2019isolement, m\u00eame dans les pires moments, et m\u00eame si l\u2019envie n\u2019y est plus. Garder le lien avec la vie d\u2019avant. N\u00e9e \u00e0 Nancy en 1991, l\u2019Aide scolaire b\u00e9n\u00e9vole aux adolescents malades (Aiscobam) a fait rentrer l\u2019enseignement secondaire \u00e0 l\u2019h\u00f4pital d\u2019enfants du CHRU et au Centre psychoth\u00e9rapique de Nancy (CPN).<\/p>\n<p>Jusqu\u2019\u00e0 sa cr\u00e9ation, les \u00e9l\u00e8ves de coll\u00e8ge et lyc\u00e9e devaient suspendre leurs \u00e9tudes ou se d\u00e9brouiller avec leur \u00e9tablissement, alors que le suivi \u00e9tait assur\u00e9 de la maternelle au CM2.<\/p>\n<p>Depuis toujours, l\u2019\u00c9ducation nationale accompagne les enfants&#8230;<\/p>\n","protected":false},"excerpt":{"rendered":"Offrir une \u00ab\u00a0continuit\u00e9 p\u00e9dagogique\u00a0\u00bb, rompre l\u2019isolement, m\u00eame dans les pires moments, et m\u00eame si l\u2019envie n\u2019y est plus.&hellip;\n","protected":false},"author":2,"featured_media":512065,"comment_status":"","ping_status":"","sticky":false,"template":"","format":"standard","meta":{"footnotes":""},"categories":[9635],"tags":[1111,11,3599,1057,1777,674,1011,27,775,5362,10425,224,1702,12,3456,25,71],"class_list":{"0":"post-512064","1":"post","2":"type-post","3":"status-publish","4":"format-standard","5":"has-post-thumbnail","7":"category-nancy","8":"tag-actu","9":"tag-actualites","10":"tag-college-lycee","11":"tag-education","12":"tag-eu","13":"tag-europe","14":"tag-fr","15":"tag-france","16":"tag-grand-est","17":"tag-magazine-sante","18":"tag-maternelle-elementaire","19":"tag-medecine","20":"tag-nancy","21":"tag-news","22":"tag-region-lorraine","23":"tag-republique-francaise","24":"tag-sante"},"share_on_mastodon":{"url":"","error":""},"_links":{"self":[{"href":"https:\/\/www.europesays.com\/fr\/wp-json\/wp\/v2\/posts\/512064","targetHints":{"allow":["GET"]}}],"collection":[{"href":"https:\/\/www.europesays.com\/fr\/wp-json\/wp\/v2\/posts"}],"about":[{"href":"https:\/\/www.europesays.com\/fr\/wp-json\/wp\/v2\/types\/post"}],"author":[{"embeddable":true,"href":"https:\/\/www.europesays.com\/fr\/wp-json\/wp\/v2\/users\/2"}],"replies":[{"embeddable":true,"href":"https:\/\/www.europesays.com\/fr\/wp-json\/wp\/v2\/comments?post=512064"}],"version-history":[{"count":0,"href":"https:\/\/www.europesays.com\/fr\/wp-json\/wp\/v2\/posts\/512064\/revisions"}],"wp:featuredmedia":[{"embeddable":true,"href":"https:\/\/www.europesays.com\/fr\/wp-json\/wp\/v2\/media\/512065"}],"wp:attachment":[{"href":"https:\/\/www.europesays.com\/fr\/wp-json\/wp\/v2\/media?parent=512064"}],"wp:term":[{"taxonomy":"category","embeddable":true,"href":"https:\/\/www.europesays.com\/fr\/wp-json\/wp\/v2\/categories?post=512064"},{"taxonomy":"post_tag","embeddable":true,"href":"https:\/\/www.europesays.com\/fr\/wp-json\/wp\/v2\/tags?post=512064"}],"curies":[{"name":"wp","href":"https:\/\/api.w.org\/{rel}","templated":true}]}}