{"id":512068,"date":"2025-11-04T21:53:11","date_gmt":"2025-11-04T21:53:11","guid":{"rendered":"https:\/\/www.europesays.com\/fr\/512068\/"},"modified":"2025-11-04T21:53:11","modified_gmt":"2025-11-04T21:53:11","slug":"une-mere-celibataire-condamnee-pour-avoir-mis-dehors-son-fils-de-9-ans","status":"publish","type":"post","link":"https:\/\/www.europesays.com\/fr\/512068\/","title":{"rendered":"une m\u00e8re c\u00e9libataire condamn\u00e9e pour avoir mis dehors son fils de 9 ans"},"content":{"rendered":"<p>\n    Jug\u00e9e par le tribunal correctionnel de Toulon lundi dernier, la femme de 43 ans a \u00e9cop\u00e9 de 500 euros d\u2019amende avec sursis et d\u2019une obligation \u00e0 suivre un stage de responsabilit\u00e9 parentale.<\/p>\n<p class=\"fig-paragraph\">\u00abPrends un pyjama, ton doudou et d\u00e9gage chez ta tante\u00a0!\u00bb Ces mots, rapport\u00e9s par\u00a0<a href=\"https:\/\/www.nicematin.com\/faits-divers\/prends-un-pyjama-ton-doudou-et-degage-une-toulonnaise-condamnee-pour-avoir-mis-a-la-porte-son-fils-de-9-ans-10655201\" target=\"_blank\" rel=\"sponsored noopener\" data-gtm-custom-categorie=\"navigation\" data-gtm-custom-action=\"crossclick\" data-gtm-custom-label=\"Contextuel\" data-gtm-event=\"customEventSPE\">Var Matin<\/a> , sont sign\u00e9s d\u2019une m\u00e8re c\u00e9libataire de 43 ans, jug\u00e9e lundi dernier pour \u00absoustraction d\u2019un parent \u00e0 ses obligations l\u00e9gales compromettant la s\u00e9curit\u00e9 d\u2019un enfant\u00bb par le tribunal correctionnel de\u00a0<a href=\"http:\/\/www.lefigaro.fr\/marseille\/toulon-19-personnes-coincees-pres-de-deux-heures-dans-un-telepherique-en-panne-20251029\" data-fig-type=\"NewsFlash\" data-gtm-custom-categorie=\"navigation\" data-gtm-custom-action=\"crossclick\" data-gtm-custom-label=\"Contextuel\" data-gtm-event=\"customEventSPE\" data-fig-domain=\"LEFIGARO\" target=\"_blank\" rel=\"noopener\">Toulon<\/a>.<\/p>\n<p class=\"fig-paragraph\">Le 14 f\u00e9vrier 2024, celle-ci aurait compl\u00e8tement perdu les p\u00e9dales apr\u00e8s une \u00e9ni\u00e8me crise de son fils de 9 ans, diagnostiqu\u00e9 d\u2019un d\u00e9ficit de l\u2019attention avec ou sans hyperactivit\u00e9 (TDAH) depuis, jusqu\u2019\u00e0 lui ordonner de quitter le foyer. Avec quelques affaires en main, l\u2019enfant s\u2019est ex\u00e9cut\u00e9 pour rallier le domicile de sa tante \u00e0 pied 500 m\u00e8tres plus loin.<\/p>\n<p>                                    <a class=\"fig-a11y-skip a11y-hidden\" href=\"#fig-a11y-skip-main-inarticle\"><br \/>\n        Passer la publicit\u00e9<br \/>\n    <\/a><\/p>\n<p>Retrouv\u00e9 par des policiers municipaux<\/p>\n<p class=\"fig-paragraph\">\u00abJ\u2019ai l\u2019habitude d\u2019aller chez ma tata, mais c\u2019\u00e9tait la premi\u00e8re fois tout seul\u00bb, confiera-t-il plus tard aux enqu\u00eateurs. Arriv\u00e9 sur place, l\u2019enfant trouve porte close malgr\u00e9 les messages de la m\u00e8re \u00e0 sa s\u0153ur pour la pr\u00e9venir de l\u2019arriv\u00e9e de son neveu. Il sera finalement trouv\u00e9 par des policiers municipaux esseul\u00e9, assis et sanglotant au pied d\u2019un immeuble du centre ancien de Toulon.<\/p>\n<p class=\"fig-paragraph\">Un \u00abp\u00e9tage de c\u00e2ble\u00bb selon l\u2019expression de la tante de l\u2019enfant qui co\u00fbtera finalement \u00e0 cette m\u00e8re isol\u00e9e et d\u00e9pressive une amende de 500 euros avec sursis et une obligation de suivre un stage de responsabilit\u00e9 parentale. Un juge des enfants a \u00e9galement ordonn\u00e9 une mesure d\u2019assistance \u00e9ducative.<\/p>\n<p>\u00abQui est l\u2019adulte, Madame\u00a0?\u00bb<\/p>\n<p class=\"fig-paragraph\">\u00c0 la barre, l\u2019accus\u00e9e a tent\u00e9 de se justifier tant bien que mal sur ses agissements, sans avocat. \u00abC\u2019est parti d\u2019une crise qu\u2019il a faite, il n\u2019arr\u00eatait pas de me demander l\u2019heure et c\u2019est parti crescendo\u00bb, a-t-elle d\u2019abord d\u00e9roul\u00e9. \u00abCe que j\u2019ai fait c\u2019est mal\u2026 J\u2019ai reconnu les faits et lui aussi reconna\u00eet qu\u2019il a fait une erreur.\u00bb<\/p>\n<p class=\"fig-paragraph\">\u00abMais qui est l\u2019adulte, Madame\u00a0?\u00bb, interroge la pr\u00e9sidente de l\u2019audience. \u00abMoi-m\u00eame, sans rentrer dans les d\u00e9tails, j\u2019ai subi plus que lui\u00bb, r\u00e9torque la quadrag\u00e9naire sans vraiment convaincre. \u00abJe suis soucieuse de sa sant\u00e9 et de son bien-\u00eatre, je ferai tout ce qu\u2019il faut pour qu\u2019il soit \u00e9panoui\u00bb, assurera-t-elle finalement au tribunal correctionnel.<\/p>\n","protected":false},"excerpt":{"rendered":"Jug\u00e9e par le tribunal correctionnel de Toulon lundi dernier, la femme de 43 ans a \u00e9cop\u00e9 de 500&hellip;\n","protected":false},"author":2,"featured_media":512069,"comment_status":"","ping_status":"","sticky":false,"template":"","format":"standard","meta":{"footnotes":""},"categories":[9619],"tags":[1111,11,4073,1777,674,1011,27,12,882,25,2310],"class_list":{"0":"post-512068","1":"post","2":"type-post","3":"status-publish","4":"format-standard","5":"has-post-thumbnail","7":"category-toulon","8":"tag-actu","9":"tag-actualites","10":"tag-condamnation","11":"tag-eu","12":"tag-europe","13":"tag-fr","14":"tag-france","15":"tag-news","16":"tag-provence-alpes-cote-dazur","17":"tag-republique-francaise","18":"tag-toulon"},"share_on_mastodon":{"url":"https:\/\/pubeurope.com\/@fr\/115493653998871517","error":""},"_links":{"self":[{"href":"https:\/\/www.europesays.com\/fr\/wp-json\/wp\/v2\/posts\/512068","targetHints":{"allow":["GET"]}}],"collection":[{"href":"https:\/\/www.europesays.com\/fr\/wp-json\/wp\/v2\/posts"}],"about":[{"href":"https:\/\/www.europesays.com\/fr\/wp-json\/wp\/v2\/types\/post"}],"author":[{"embeddable":true,"href":"https:\/\/www.europesays.com\/fr\/wp-json\/wp\/v2\/users\/2"}],"replies":[{"embeddable":true,"href":"https:\/\/www.europesays.com\/fr\/wp-json\/wp\/v2\/comments?post=512068"}],"version-history":[{"count":0,"href":"https:\/\/www.europesays.com\/fr\/wp-json\/wp\/v2\/posts\/512068\/revisions"}],"wp:featuredmedia":[{"embeddable":true,"href":"https:\/\/www.europesays.com\/fr\/wp-json\/wp\/v2\/media\/512069"}],"wp:attachment":[{"href":"https:\/\/www.europesays.com\/fr\/wp-json\/wp\/v2\/media?parent=512068"}],"wp:term":[{"taxonomy":"category","embeddable":true,"href":"https:\/\/www.europesays.com\/fr\/wp-json\/wp\/v2\/categories?post=512068"},{"taxonomy":"post_tag","embeddable":true,"href":"https:\/\/www.europesays.com\/fr\/wp-json\/wp\/v2\/tags?post=512068"}],"curies":[{"name":"wp","href":"https:\/\/api.w.org\/{rel}","templated":true}]}}