{"id":512080,"date":"2025-11-04T22:01:10","date_gmt":"2025-11-04T22:01:10","guid":{"rendered":"https:\/\/www.europesays.com\/fr\/512080\/"},"modified":"2025-11-04T22:01:10","modified_gmt":"2025-11-04T22:01:10","slug":"thorigne-fouillard-deux-osteopathes-animalieres-rue-nationale","status":"publish","type":"post","link":"https:\/\/www.europesays.com\/fr\/512080\/","title":{"rendered":"Thorign\u00e9-Fouillard. Deux ost\u00e9opathes animali\u00e8res rue\u00a0Nationale"},"content":{"rendered":"<p>L\u00e9a Veilleux et Julie Th\u00e9paut se sont rencontr\u00e9es \u00e0 l\u2019\u00e9cole d\u2019ost\u00e9opathie animale de Rennes. Apr\u00e8s cinq ann\u00e9es d\u2019\u00e9tudes sup\u00e9rieures, les deux dipl\u00f4m\u00e9es ont d\u00e9cid\u00e9 d\u2019ouvrir leur cabinet.<strong> \u00ab\u00a0Je fais de l\u2019\u00e9quitation, j\u2019aime les animaux et c\u2019est lors d\u2019un stage v\u00e9t\u00e9rinaire en 3e que j\u2019ai cherch\u00e9 une alternative professionnelle pour aider les animaux. C\u2019est \u00e0 ce moment que j\u2019ai d\u00e9cid\u00e9 de poursuivre avec l\u2019\u00e9cole d\u2019ost\u00e9opathie animale\u00a0\u00bb<\/strong>, commente L\u00e9a Veilleux.<\/p>\n<p>Julie Th\u00e9paut a eu un parcours un peu similaire. \u00a0J\u2019avais envie de travailler dehors, en contact avec les animaux. J\u2019ai rencontr\u00e9 une personne ost\u00e9opathe animale et c\u2019est devenu une \u00e9vidence, prendre soin des animaux sans un c\u00f4t\u00e9 trop m\u00e9dical\u00a0, commente Julie Th\u00e9paut.<\/p>\n<p>Les deux ost\u00e9opathes prennent en charge les chiens, les chats, les nouveaux animaux de compagnie et en itin\u00e9rance les grands animaux de la ferme (chevaux et vaches), voire le suivi de troupeau. \u00a0C\u2019est important un suivi r\u00e9gulier pour garder un animal en forme avec un corps \u00e9quilibr\u00e9 fonctionnant au mieux le plus longtemps possible\u00a0, assure les deux ost\u00e9opathes.<\/p>\n<p><strong>Contact\u00a0: <\/strong>cabinet d\u2019ost\u00e9opathie animale, 4\u00a0ter, rue Nationale, t\u00e9l.\u00a006\u00a007\u00a063\u00a071\u00a026.<\/p>\n<p>\u00a0<\/p>\n","protected":false},"excerpt":{"rendered":"L\u00e9a Veilleux et Julie Th\u00e9paut se sont rencontr\u00e9es \u00e0 l\u2019\u00e9cole d\u2019ost\u00e9opathie animale de Rennes. Apr\u00e8s cinq ann\u00e9es d\u2019\u00e9tudes&hellip;\n","protected":false},"author":2,"featured_media":512081,"comment_status":"","ping_status":"","sticky":false,"template":"","format":"standard","meta":{"footnotes":""},"categories":[2821],"tags":[1111,11,63278,829,1777,674,1011,27,4361,12,63277,3086,584,25,3640,4182],"class_list":{"0":"post-512080","1":"post","2":"type-post","3":"status-publish","4":"format-standard","5":"has-post-thumbnail","7":"category-rennes","8":"tag-actu","9":"tag-actualites","10":"tag-animalieres","11":"tag-bretagne","12":"tag-eu","13":"tag-europe","14":"tag-fr","15":"tag-france","16":"tag-nationale","17":"tag-news","18":"tag-osteopathes","19":"tag-redon","20":"tag-rennes","21":"tag-republique-francaise","22":"tag-rue","23":"tag-thorigne-fouillard"},"share_on_mastodon":{"url":"https:\/\/pubeurope.com\/@fr\/115493685499434731","error":""},"_links":{"self":[{"href":"https:\/\/www.europesays.com\/fr\/wp-json\/wp\/v2\/posts\/512080","targetHints":{"allow":["GET"]}}],"collection":[{"href":"https:\/\/www.europesays.com\/fr\/wp-json\/wp\/v2\/posts"}],"about":[{"href":"https:\/\/www.europesays.com\/fr\/wp-json\/wp\/v2\/types\/post"}],"author":[{"embeddable":true,"href":"https:\/\/www.europesays.com\/fr\/wp-json\/wp\/v2\/users\/2"}],"replies":[{"embeddable":true,"href":"https:\/\/www.europesays.com\/fr\/wp-json\/wp\/v2\/comments?post=512080"}],"version-history":[{"count":0,"href":"https:\/\/www.europesays.com\/fr\/wp-json\/wp\/v2\/posts\/512080\/revisions"}],"wp:featuredmedia":[{"embeddable":true,"href":"https:\/\/www.europesays.com\/fr\/wp-json\/wp\/v2\/media\/512081"}],"wp:attachment":[{"href":"https:\/\/www.europesays.com\/fr\/wp-json\/wp\/v2\/media?parent=512080"}],"wp:term":[{"taxonomy":"category","embeddable":true,"href":"https:\/\/www.europesays.com\/fr\/wp-json\/wp\/v2\/categories?post=512080"},{"taxonomy":"post_tag","embeddable":true,"href":"https:\/\/www.europesays.com\/fr\/wp-json\/wp\/v2\/tags?post=512080"}],"curies":[{"name":"wp","href":"https:\/\/api.w.org\/{rel}","templated":true}]}}