{"id":512084,"date":"2025-11-04T22:03:14","date_gmt":"2025-11-04T22:03:14","guid":{"rendered":"https:\/\/www.europesays.com\/fr\/512084\/"},"modified":"2025-11-04T22:03:14","modified_gmt":"2025-11-04T22:03:14","slug":"environnement-alsace-nature-pionniere-du-militantisme-ecologique-2","status":"publish","type":"post","link":"https:\/\/www.europesays.com\/fr\/512084\/","title":{"rendered":"Environnement. Alsace Nature, pionni\u00e8re du militantisme \u00e9cologique"},"content":{"rendered":"<p>Pendant les Trente Glorieuses, les autorit\u00e9s ne manquaient pas de projets d\u2019am\u00e9nagement pour \u00ab\u00a0tirer l\u2019Alsace vers le haut\u00a0\u00bb\u00a0: grandes stations touristiques dans le massif vosgien, chapelet d\u2019usines le long du Rhin et barreaux routiers r\u00e9guliers les reliant \u00e0 la plaine ouverte \u00e0 l\u2019urbanisation, enfin cr\u00e9ation de golfs pour offrir une \u00ab\u00a0parenth\u00e8se verte\u00a0\u00bb. L\u2019industrie triomphante n\u2019a pas emball\u00e9 tout le monde\u00a0: d\u00e8s 1965, l\u2019Association f\u00e9d\u00e9rative r\u00e9gionale pour la protection de la nature (AFRPN), qui deviendra Alsace Nature en 1991, s\u2019est demand\u00e9 pourquoi la remarquable for\u00eat alluviale bordant le Rhin n\u2019\u00e9tait pas consid\u00e9r\u00e9e autrement qu\u2019une r\u00e9serve fonci\u00e8re pour l\u2019industrie.<\/p>\n<p>Pionni\u00e8re dans son genre en France, l\u2019AFRPN a f\u00e9d\u00e9r\u00e9 les premi\u00e8res g\u00e9n\u00e9rations de lanceurs d\u2019alerte, s\u2019est appuy\u00e9e sur un r\u00e9seau associatif tr\u00e8s dense, s\u2019est nourrie de l\u2019inclination de l\u2019Allemagne voisine pour l\u2019\u00e9cologie naissante et a bross\u00e9 un tableau toujours plus pr\u00e9cis des enjeux \u00e9cologiques r\u00e9gionaux. Dans les ann\u00e9es qui ont suivi sa cr\u00e9ation, elle a soutenu ou provoqu\u00e9 pl\u00e9thore d\u2019initiatives nouvelles, comme la cr\u00e9ation du tout premier Conservatoire des sites alsaciens en 1975.<\/p>\n<p>  L\u2019une des premi\u00e8res ZAD de France<\/p>\n<p>En 1974, la cr\u00e9ation de l\u2019une des premi\u00e8res ZAD (zone \u00e0 d\u00e9fendre) de France (apr\u00e8s le Larzac), \u00e0 Marckolsheim, s\u2019est concr\u00e9tis\u00e9e par l\u2019occupation du site d\u2019une future usine \u00e0 plomb par des centaines de militants soucieux des enjeux de pollution et du maintien de la for\u00eat rh\u00e9nane s\u00e9culaire. L\u2019\u00e9v\u00e9nement a permis aux \u00e9cologistes alsaciens d\u2019acqu\u00e9rir une l\u00e9gitimit\u00e9 et de peser dans le d\u00e9bat.<\/p>\n<p>\u00ab\u00a0Ce que l\u2019on gagne n\u2019est jamais acquis, relativise cependant Maurice Wintz, ancien pr\u00e9sident d\u2019Alsace Nature. On voit souvent r\u00e9appara\u00eetre des projets qui remettent des acquis en cause, m\u00eame si nous avons contribu\u00e9 \u00e0 changer le regard sur la nature. Nous plaidions pour une lecture globale des projets d\u2019am\u00e9nagement qui ne s\u2019arr\u00eate pas aux premiers effets, mais dans la confrontation perp\u00e9tuelle entre \u00e9cologie et d\u00e9veloppement, nous avons toujours jou\u00e9 les boucs \u00e9missaires ou les emmerdeurs utiles.\u00a0\u00bb<\/p>\n<p>En l\u2019espace de soixante ans, Alsace Nature s\u2019est ainsi illustr\u00e9e dans de nombreux combats, parmi lesquels la lutte contre l\u2019enfouissement de d\u00e9chets ultimes sur le site Stocamine \u00e0 Wittelsheim pr\u00e8s de Mulhouse, le contournement ouest de Strasbourg ou encore la potabilit\u00e9 de l\u2019eau.<\/p>\n","protected":false},"excerpt":{"rendered":"Pendant les Trente Glorieuses, les autorit\u00e9s ne manquaient pas de projets d\u2019am\u00e9nagement pour \u00ab\u00a0tirer l\u2019Alsace vers le haut\u00a0\u00bb\u00a0:&hellip;\n","protected":false},"author":2,"featured_media":512085,"comment_status":"","ping_status":"","sticky":false,"template":"","format":"standard","meta":{"footnotes":""},"categories":[2820],"tags":[1111,11,436,1777,674,1011,27,775,12,25,104,640,1631],"class_list":{"0":"post-512084","1":"post","2":"type-post","3":"status-publish","4":"format-standard","5":"has-post-thumbnail","7":"category-strasbourg","8":"tag-actu","9":"tag-actualites","10":"tag-environnement","11":"tag-eu","12":"tag-europe","13":"tag-fr","14":"tag-france","15":"tag-grand-est","16":"tag-news","17":"tag-republique-francaise","18":"tag-societe","19":"tag-strasbourg","20":"tag-vie-associative"},"share_on_mastodon":{"url":"https:\/\/pubeurope.com\/@fr\/115493693346233411","error":""},"_links":{"self":[{"href":"https:\/\/www.europesays.com\/fr\/wp-json\/wp\/v2\/posts\/512084","targetHints":{"allow":["GET"]}}],"collection":[{"href":"https:\/\/www.europesays.com\/fr\/wp-json\/wp\/v2\/posts"}],"about":[{"href":"https:\/\/www.europesays.com\/fr\/wp-json\/wp\/v2\/types\/post"}],"author":[{"embeddable":true,"href":"https:\/\/www.europesays.com\/fr\/wp-json\/wp\/v2\/users\/2"}],"replies":[{"embeddable":true,"href":"https:\/\/www.europesays.com\/fr\/wp-json\/wp\/v2\/comments?post=512084"}],"version-history":[{"count":0,"href":"https:\/\/www.europesays.com\/fr\/wp-json\/wp\/v2\/posts\/512084\/revisions"}],"wp:featuredmedia":[{"embeddable":true,"href":"https:\/\/www.europesays.com\/fr\/wp-json\/wp\/v2\/media\/512085"}],"wp:attachment":[{"href":"https:\/\/www.europesays.com\/fr\/wp-json\/wp\/v2\/media?parent=512084"}],"wp:term":[{"taxonomy":"category","embeddable":true,"href":"https:\/\/www.europesays.com\/fr\/wp-json\/wp\/v2\/categories?post=512084"},{"taxonomy":"post_tag","embeddable":true,"href":"https:\/\/www.europesays.com\/fr\/wp-json\/wp\/v2\/tags?post=512084"}],"curies":[{"name":"wp","href":"https:\/\/api.w.org\/{rel}","templated":true}]}}