{"id":512090,"date":"2025-11-04T22:06:23","date_gmt":"2025-11-04T22:06:23","guid":{"rendered":"https:\/\/www.europesays.com\/fr\/512090\/"},"modified":"2025-11-04T22:06:23","modified_gmt":"2025-11-04T22:06:23","slug":"une-femme-tuee-a-coups-de-couteau-sa-fille-de-17-ans-grievement-blessee","status":"publish","type":"post","link":"https:\/\/www.europesays.com\/fr\/512090\/","title":{"rendered":"une femme tu\u00e9e \u00e0 coups de couteau, sa fille de 17 ans gri\u00e8vement bless\u00e9e"},"content":{"rendered":"<p class=\"article-p mdl\">Les faits se sont d\u00e9roul\u00e9s ce mardi 4 novembre en milieu de journ\u00e9e, avenue de la M\u00e9diterran\u00e9e \u00e0 Nice. Selon le parquet, les services de police ont \u00e9t\u00e9 \u201crequis pour des faits de violences avec arme\u201d, peut-on lire dans le communiqu\u00e9 du parquet. \u00c0 leur arriv\u00e9e, les policiers ont d\u00e9couvert une femme de 39 ans poignard\u00e9e mortellement, et sa fille de 17 ans gri\u00e8vement bless\u00e9e. Malgr\u00e9 l\u2019intervention rapide des secours, les pompiers n\u2019ont pas pu r\u00e9animer la m\u00e8re.<\/p>\n<p class=\"article-p mdl\">L\u2019adolescente, en urgence absolue, a \u00e9t\u00e9 transport\u00e9e \u00e0 l\u2019h\u00f4pital, pr\u00e9cise le parquet. Une autre enfant \u00e2g\u00e9e de deux ans \u00e9tait \u00e9galement pr\u00e9sente dans l\u2019appartement, mais n\u2019a pas \u00e9t\u00e9 bless\u00e9e. Selon la pr\u00e9fecture des\u00a0<a class=\"link\" href=\"https:\/\/www.rtl.fr\/actu\/debats-societe\/panne-d-electricite-dans-les-alpes-maritimes-les-foyers-touches-ont-tous-ete-realimentes-le-prefet-denonce-des-actes-de-degradation-7900508726\" rel=\"nofollow noopener\" target=\"_blank\">Alpes-Maritimes<\/a>, les deux jeunes filles font partie d\u2019une fratrie de sept enfants, tous d\u00e9sormais pris en charge dans le cadre d\u2019un protocole d\u2019accompagnement sp\u00e9cialis\u00e9.<\/p>\n<p>            Le suspect interpell\u00e9 sur place<\/p>\n<p class=\"article-p mdl\">Alert\u00e9s par un appel au 17, les policiers ont interpell\u00e9 l\u2019auteur pr\u00e9sum\u00e9 sur les lieux. Il s\u2019agirait du compagnon ou ex-compagnon de la victime, p\u00e8re des enfants. L\u2019homme a \u00e9t\u00e9 plac\u00e9 en garde \u00e0 vue pour homicide par conjoint et tentative d\u2019homicide, dans le cadre d\u2019une enqu\u00eate de flagrance confi\u00e9e au service local de police judiciaire (SLPJ) de Nice.<\/p>\n<p class=\"article-p mdl\">Inconnu de la justice jusqu\u2019en 2023, il avait \u00e9t\u00e9 poursuivi l\u2019an dernier pour violences sur conjoint, sans incapacit\u00e9 totale de travail. Bien qu\u2019il ait \u00e9t\u00e9 d\u00e9f\u00e9r\u00e9 et plac\u00e9 sous contr\u00f4le judiciaire, il avait finalement \u00e9t\u00e9 relax\u00e9 par jugement le 23 mai 2024.<\/p>\n<p>            \u00c9motion et col\u00e8re dans le monde politique<\/p>\n<p class=\"article-p mdl\">Le drame a suscit\u00e9 une vive \u00e9motion \u00e0 Nice. La directrice de cabinet du pr\u00e9fet, Aur\u00e9lie Lebourgeois, s\u2019est rendue sur place et a ouvert une enqu\u00eate judiciaire.\u00a0<\/p>\n<p class=\"article-p mdl\">Le maire de Nice,\u00a0<a class=\"link\" href=\"https:\/\/www.rtl.fr\/actu\/politique\/esplanade-nicolas-sarkozy-a-nice-les-associations-de-victimes-de-l-attentat-de-2016-proposent-un-autre-nom-plus-decent-et-respectueux-7900559210\" rel=\"nofollow noopener\" target=\"_blank\">Christian Estrosi<\/a>\u00a0(Horizons), a r\u00e9agi sur X : \u201cJe veux dire ma peine, mon \u00e9motion et ma col\u00e8re face \u00e0 un acte terrible qui doit \u00eatre puni avec une extr\u00eame s\u00e9v\u00e9rit\u00e9.\u201d<\/p>\n<blockquote class=\"twitter-tweet\">\n<p lang=\"fr\" dir=\"ltr\">Je veux dire ma peine, mon \u00e9motion et ma col\u00e8re suite \u00e0 un feminicide dans le quartier des Moulins \u00e0 <a href=\"https:\/\/twitter.com\/hashtag\/Nice06?src=hash&amp;ref_src=twsrc%5Etfw\" rel=\"nofollow noopener\" target=\"_blank\">#Nice06<\/a>. La victime a \u00e9t\u00e9 tu\u00e9e par son ex compagnon qui a \u00e9t\u00e9 interpell\u00e9 par la police. La fille de la victime est \u00e9galement s\u00e9rieusement bless\u00e9e.<br \/>Notre conseiller municipal Karim\u2026<\/p>\n<p>\u2014 Christian Estrosi (@cestrosi) <a href=\"https:\/\/twitter.com\/cestrosi\/status\/1985703628343034190?ref_src=twsrc%5Etfw\" rel=\"nofollow noopener\" target=\"_blank\">November 4, 2025<\/a><\/p><\/blockquote>\n<p class=\"article-p mdl\">De son c\u00f4t\u00e9, le d\u00e9put\u00e9 des Alpes-Maritimes,\u00a0<a class=\"link\" href=\"https:\/\/www.rtl.fr\/actu\/politique\/une-famille-qui-n-aurait-jamais-du-se-separer-ciotti-invite-les-lr-a-rejoindre-son-alliance-avec-le-rn-7900551936\" rel=\"nofollow noopener\" target=\"_blank\">\u00c9ric Ciotti<\/a>\u00a0(Les R\u00e9publicains), a d\u00e9nonc\u00e9 \u201cune v\u00e9ritable trag\u00e9die\u201d.<\/p>\n<blockquote class=\"twitter-tweet\">\n<p lang=\"fr\" dir=\"ltr\">Une v\u00e9ritable trag\u00e9die dans le quartier des moulins \u00e0 Nice : une m\u00e8re aurait \u00e9t\u00e9 tu\u00e9e par son ex concubin \u00e0 l\u2019arme blanche, et sa fille gravement bless\u00e9e. <\/p>\n<p>Je souhaite que toute la lumi\u00e8re soit faite rapidement sur ce drame absolu et tourne toutes mes pens\u00e9es vers les victimes.<\/p>\n<p>\u2014 Eric Ciotti (@eciotti) <a href=\"https:\/\/twitter.com\/eciotti\/status\/1985702858461691954?ref_src=twsrc%5Etfw\" rel=\"nofollow noopener\" target=\"_blank\">November 4, 2025<\/a><\/p><\/blockquote>\n<p>Une nouvelle victime d\u2019un fl\u00e9au en hausse<\/p>\n<p class=\"article-p mdl\">Ce drame s\u2019inscrit dans un contexte d\u2019augmentation de\u00a0<a class=\"link\" href=\"https:\/\/www.rtl.fr\/actu\/justice-faits-divers\/violences-conjugales-107-femmes-tuees-en-2024-en-hausse-de-11-en-un-an-selon-le-ministere-de-l-interieur-7900560640\" rel=\"nofollow noopener\" target=\"_blank\">f\u00e9minicides conjugaux<\/a>. En 2024, le nombre de f\u00e9minicides a progress\u00e9 de 11 % par rapport \u00e0 l\u2019ann\u00e9e pr\u00e9c\u00e9dente, avec 107 femmes tu\u00e9es par leur conjoint ou ex-conjoint, soit un d\u00e9c\u00e8s tous les trois jours.<\/p>\n<p>Selon le minist\u00e8re de l\u2019Int\u00e9rieur, le profil type de l\u2019auteur \u201creste majoritairement masculin, le plus souvent en couple, de nationalit\u00e9 fran\u00e7aise et sans activit\u00e9 professionnelle\u201d.<\/p>\n<p>Au total, les forces de l\u2019ordre ont recens\u00e9 138 morts violentes au sein du couple en 2024, dont 31 hommes, soit une augmentation de 35 % en un an. \u00c0 ces chiffres s\u2019ajoutent 403 tentatives d\u2019homicides recens\u00e9es la m\u00eame ann\u00e9e.<\/p>\n<p>    La r\u00e9daction vous recommande<\/p>\n<p class=\"s-newsletter__title\">\n                L\u2019actualit\u00e9 par la r\u00e9daction de RTL dans votre bo\u00eete mail.\n            <\/p>\n<p class=\"s-newsletter__subtitle\">\n                Gr\u00e2ce \u00e0 votre compte RTL abonnez-vous \u00e0 la newsletter RTL info pour suivre toute l&rsquo;actualit\u00e9 au quotidien\n            <\/p>\n<p>\n                                    Lire la suite\n                                <\/p>\n<p>                            <script async src=\"https:\/\/platform.twitter.com\/widgets.js\" charset=\"utf-8\"><\/script><\/p>\n","protected":false},"excerpt":{"rendered":"Les faits se sont d\u00e9roul\u00e9s ce mardi 4 novembre en milieu de journ\u00e9e, avenue de la M\u00e9diterran\u00e9e \u00e0&hellip;\n","protected":false},"author":2,"featured_media":512091,"comment_status":"","ping_status":"","sticky":false,"template":"","format":"standard","meta":{"footnotes":""},"categories":[2819],"tags":[1111,11,1777,674,118,107,1011,27,303,12,2401,1072,882,25],"class_list":{"0":"post-512090","1":"post","2":"type-post","3":"status-publish","4":"format-standard","5":"has-post-thumbnail","7":"category-nice","8":"tag-actu","9":"tag-actualites","10":"tag-eu","11":"tag-europe","12":"tag-faits-divers","13":"tag-fil-info","14":"tag-fr","15":"tag-france","16":"tag-justice","17":"tag-news","18":"tag-nice","19":"tag-police","20":"tag-provence-alpes-cote-dazur","21":"tag-republique-francaise"},"share_on_mastodon":{"url":"https:\/\/pubeurope.com\/@fr\/115493705155309658","error":""},"_links":{"self":[{"href":"https:\/\/www.europesays.com\/fr\/wp-json\/wp\/v2\/posts\/512090","targetHints":{"allow":["GET"]}}],"collection":[{"href":"https:\/\/www.europesays.com\/fr\/wp-json\/wp\/v2\/posts"}],"about":[{"href":"https:\/\/www.europesays.com\/fr\/wp-json\/wp\/v2\/types\/post"}],"author":[{"embeddable":true,"href":"https:\/\/www.europesays.com\/fr\/wp-json\/wp\/v2\/users\/2"}],"replies":[{"embeddable":true,"href":"https:\/\/www.europesays.com\/fr\/wp-json\/wp\/v2\/comments?post=512090"}],"version-history":[{"count":0,"href":"https:\/\/www.europesays.com\/fr\/wp-json\/wp\/v2\/posts\/512090\/revisions"}],"wp:featuredmedia":[{"embeddable":true,"href":"https:\/\/www.europesays.com\/fr\/wp-json\/wp\/v2\/media\/512091"}],"wp:attachment":[{"href":"https:\/\/www.europesays.com\/fr\/wp-json\/wp\/v2\/media?parent=512090"}],"wp:term":[{"taxonomy":"category","embeddable":true,"href":"https:\/\/www.europesays.com\/fr\/wp-json\/wp\/v2\/categories?post=512090"},{"taxonomy":"post_tag","embeddable":true,"href":"https:\/\/www.europesays.com\/fr\/wp-json\/wp\/v2\/tags?post=512090"}],"curies":[{"name":"wp","href":"https:\/\/api.w.org\/{rel}","templated":true}]}}