{"id":512102,"date":"2025-11-04T22:12:13","date_gmt":"2025-11-04T22:12:13","guid":{"rendered":"https:\/\/www.europesays.com\/fr\/512102\/"},"modified":"2025-11-04T22:12:13","modified_gmt":"2025-11-04T22:12:13","slug":"un-homme-se-fait-couper-trois-doigts-par-des-agresseurs-dans-un-foyer-de-laide-sociale-a-lenfance-liberation","status":"publish","type":"post","link":"https:\/\/www.europesays.com\/fr\/512102\/","title":{"rendered":"un homme se fait couper trois doigts par des agresseurs dans un foyer de l\u2019Aide Sociale \u00e0 l\u2019Enfance \u2013 Lib\u00e9ration"},"content":{"rendered":"<p class=\"sc-cPiKLX AiZTS text-element\">Un homme de 42\u00a0ans a \u00e9t\u00e9 gri\u00e8vement bless\u00e9 \u00e0 la machette dans la nuit ce lundi \u00e0 ce mardi <a href=\"https:\/\/www.liberation.fr\/tags\/toulouse\/\" target=\"_blank\" rel=\"noreferrer noopener\" title=\"https:\/\/www.liberation.fr\/tags\/toulouse\/\">\u00e0 Toulouse<\/a> (Haute-Garonne) dans un foyer d\u2019accueil d\u2019adolescents suivis par <a href=\"https:\/\/www.liberation.fr\/societe\/protection-de-lenfance-la-defenseure-des-droits-interpelle-letat-apres-de-lourdes-defaillances-20250129_GOB3X3DM6JCI3PGOB7DMZCJLYU\/\" target=\"_blank\" rel=\"noreferrer noopener\" title=\"https:\/\/www.liberation.fr\/societe\/protection-de-lenfance-la-defenseure-des-droits-interpelle-letat-apres-de-lourdes-defaillances-20250129_GOB3X3DM6JCI3PGOB7DMZCJLYU\/\">l\u2019Aide sociale \u00e0 l\u2019enfance (ASE)<\/a>, a fait savoir le parquet ce mardi 4\u00a0novembre. Les faits se sont d\u00e9roul\u00e9s vers 2\u00a0h\u00a030 dans la nuit de lundi \u00e0 mardi. Des hommes ont fait irruption et s\u2019en sont pris \u00e0 l\u2019une des r\u00e9sidentes, \u00aben portant la machette au niveau du cou de la jeune femme\u00bb, a expliqu\u00e9 le parquet dans la soir\u00e9e, dans un communiqu\u00e9.<\/p>\n<p class=\"sc-cPiKLX AiZTS text-element\">Un agent \u00e9ducatif exer\u00e7ant les fonctions de veilleur de nuit dans la structure a tent\u00e9 de s\u2019interposer. Il a alors subi \u00abdes coups de machette au niveau de la t\u00eate, ainsi qu\u2019au niveau d\u2019une main\u00bb. Trois de ses doigts ont \u00e9t\u00e9 touch\u00e9s par la lame, dont l\u2019un coup\u00e9 totalement, toujours selon le parquet de Toulouse.<\/p>\n<p class=\"sc-cPiKLX AiZTS text-element\">Les auteurs de l\u2019agression ont pris la fuite avant l\u2019arriv\u00e9e de la police et sont toujours recherch\u00e9s \u00e0 cette heure. Les raisons de leur intrusion dans le foyer sont encore inconnues. Dans un premier temps, le secr\u00e9taire g\u00e9n\u00e9ral charg\u00e9 de la communication au tribunal judiciaire de Toulouse avait \u00e9voqu\u00e9 une possible volont\u00e9 de \u00abr\u00e9cup\u00e9rer de l\u2019argent aupr\u00e8s d\u2019une pensionnaire\u00bb.<\/p>\n<p class=\"sc-cPiKLX AiZTS text-element\">Le parquet de Toulouse a annonc\u00e9 l\u2019ouverture d\u2019une enqu\u00eate criminelle en flagrance pour \u00abviolences volontaires ayant entra\u00een\u00e9 une mutilation ou infirmit\u00e9 permanente par l\u2019usage d\u2019une arme\u00bb sur l\u2019agent de surveillance, ainsi que pour \u00abdes faits de violences avec arme\u00bb sur l\u2019adolescente.<\/p>\n<p class=\"sc-cPiKLX AiZTS text-element\">La victime a de son c\u00f4t\u00e9 \u00e9t\u00e9 transport\u00e9e au CHU de Toulouse et n\u2019a pas encore pu \u00eatre interrog\u00e9 par les enqu\u00eateurs.<\/p>\n<p class=\"sc-cPiKLX AiZTS text-element\"><b>Mise \u00e0 jour <\/b>\u00e0 21 h 03 avec l\u2019ajout du communiqu\u00e9 du parquet de Toulouse.<\/p>\n","protected":false},"excerpt":{"rendered":"Un homme de 42\u00a0ans a \u00e9t\u00e9 gri\u00e8vement bless\u00e9 \u00e0 la machette dans la nuit ce lundi \u00e0 ce&hellip;\n","protected":false},"author":2,"featured_media":512103,"comment_status":"","ping_status":"","sticky":false,"template":"","format":"standard","meta":{"footnotes":""},"categories":[2816],"tags":[1111,11,1777,674,118,1011,27,12,2680,10228,25,2312],"class_list":{"0":"post-512102","1":"post","2":"type-post","3":"status-publish","4":"format-standard","5":"has-post-thumbnail","7":"category-toulouse","8":"tag-actu","9":"tag-actualites","10":"tag-eu","11":"tag-europe","12":"tag-faits-divers","13":"tag-fr","14":"tag-france","15":"tag-news","16":"tag-occitanie","17":"tag-protection-de-l-enfance","18":"tag-republique-francaise","19":"tag-toulouse"},"share_on_mastodon":{"url":"https:\/\/pubeurope.com\/@fr\/115493729094742268","error":""},"_links":{"self":[{"href":"https:\/\/www.europesays.com\/fr\/wp-json\/wp\/v2\/posts\/512102","targetHints":{"allow":["GET"]}}],"collection":[{"href":"https:\/\/www.europesays.com\/fr\/wp-json\/wp\/v2\/posts"}],"about":[{"href":"https:\/\/www.europesays.com\/fr\/wp-json\/wp\/v2\/types\/post"}],"author":[{"embeddable":true,"href":"https:\/\/www.europesays.com\/fr\/wp-json\/wp\/v2\/users\/2"}],"replies":[{"embeddable":true,"href":"https:\/\/www.europesays.com\/fr\/wp-json\/wp\/v2\/comments?post=512102"}],"version-history":[{"count":0,"href":"https:\/\/www.europesays.com\/fr\/wp-json\/wp\/v2\/posts\/512102\/revisions"}],"wp:featuredmedia":[{"embeddable":true,"href":"https:\/\/www.europesays.com\/fr\/wp-json\/wp\/v2\/media\/512103"}],"wp:attachment":[{"href":"https:\/\/www.europesays.com\/fr\/wp-json\/wp\/v2\/media?parent=512102"}],"wp:term":[{"taxonomy":"category","embeddable":true,"href":"https:\/\/www.europesays.com\/fr\/wp-json\/wp\/v2\/categories?post=512102"},{"taxonomy":"post_tag","embeddable":true,"href":"https:\/\/www.europesays.com\/fr\/wp-json\/wp\/v2\/tags?post=512102"}],"curies":[{"name":"wp","href":"https:\/\/api.w.org\/{rel}","templated":true}]}}