{"id":512111,"date":"2025-11-04T22:17:20","date_gmt":"2025-11-04T22:17:20","guid":{"rendered":"https:\/\/www.europesays.com\/fr\/512111\/"},"modified":"2025-11-04T22:17:20","modified_gmt":"2025-11-04T22:17:20","slug":"polemique-terminee-le-lyon-antifa-fest-retire-du-pass-culture","status":"publish","type":"post","link":"https:\/\/www.europesays.com\/fr\/512111\/","title":{"rendered":"Pol\u00e9mique termin\u00e9e ? Le Lyon Antifa Fest retir\u00e9 du pass Culture"},"content":{"rendered":"<p itemprop=\"description\"><strong>Le Lyon Antifa Fest se tiendra-t-il les 12, 13 et 14 d\u00e9cembre prochain \u00e0 la Rayonne \u00e0 Villeurbanne ?<\/strong><\/p>\n<p>Si la question reste en suspens &#8211; la pr\u00e9fecture du Rh\u00f4ne \u00e9valuant les risques de troubles \u00e0 l&rsquo;ordre public de l&rsquo;\u00e9v\u00e8nement d&rsquo;extr\u00eame-gauche -, le public devra payer les places de leur poche.<\/p>\n<p>En effet, comme r\u00e9clam\u00e9 par des \u00e9lus de droite et d&rsquo;extr\u00eame-droite, le minist\u00e8re de la Culture a d\u00e9cid\u00e9 ce mardi soir de finalement retirer le Lyon Antifa Fest du pass Culture. Ce dernier permettait de financer l&rsquo;achat de places aux 15-21 ans. Et d&rsquo;ailleurs, l&rsquo;\u00e9v\u00e8nement qui attend Moscow Death Brigade, Po\u00e9sie Z\u00e9ro, Goulamas&rsquo;k, COSTA, La Valentina, Lallemand et Da Uzi en faisait la promotion sur ses r\u00e9seaux sociaux.<\/p>\n<blockquote class=\"twitter-tweet\"><p>&#13;<\/p>\n<p dir=\"ltr\" lang=\"fr\">\ud83d\udd34 Un concert Antifa et anti-police financ\u00e9 par le Pass culture! <\/p>\n<p>Rappelez-vous, en janvier 2025, je r\u00e9v\u00e9lais qu\u2019avec le pass culture (300M\u20ac d\u2019argent public), on pouvait se rendre \u00e0 la f\u00eate de l\u2019Huma ou \u00e0 un concert anti-Bollor\u00e9, mais pas au Puy du fou.<\/p>\n<p>Mais il y a encore\u2026 <a href=\"https:\/\/t.co\/jdksyUGWUF\">pic.twitter.com\/jdksyUGWUF<\/a><\/p>\n<p>&#13;<br \/>\n\u2014 Anne Sicard (@AnneSicard1) <a href=\"https:\/\/twitter.com\/AnneSicard1\/status\/1985241603078774858?ref_src=twsrc%5Etfw\" target=\"_blank\" rel=\"noopener\">November 3, 2025<\/a><\/p><\/blockquote>\n<p>Un coup dur donc pour \u00ab\u00a0le rendez-vous incontournable des cultures antifascistes\u00a0\u00bb\u00a0qui se tient \u00ab\u00a0en m\u00e9moire de Cl\u00e9ment M\u00e9ric et Pavlos Fyssas assassin\u00e9s par l&rsquo;extr\u00eame-droite en 2013\u00a0\u00bb. Et peut-\u00eatre la fin d\u00e9j\u00e0 d&rsquo;une nouvelle pol\u00e9mique. Car pour rappel, la R\u00e9gion Auvergne-Rh\u00f4ne-Alpes, sur d\u00e9cision de son ancien pr\u00e9sident\u00a0<a href=\"https:\/\/www.lyonmag.com\/profil-personnalite-lyonnaise\/55\/laurent-wauquiez\" target=\"_blank\" rel=\"noopener\">Laurent Wauquiez<\/a>, avait <a href=\"https:\/\/www.lyonmag.com\/article\/117647\/le-festival-antifa-de-retour-a-villeurbanne-laurent-wauquiez-supprime-ses-subventions\" target=\"_blank\" rel=\"noopener\">supprim\u00e9 les subventions du CCO<\/a> de Villeurbanne qui h\u00e9bergeait l&rsquo;\u00e9v\u00e8nement durant lequel des propos anti-policiers avaient \u00e9t\u00e9 tenus par des rappeurs.<\/p>\n<p>\t\t  <script async src=\"https:\/\/platform.twitter.com\/widgets.js\" charset=\"utf-8\"><\/script><\/p>\n","protected":false},"excerpt":{"rendered":"Le Lyon Antifa Fest se tiendra-t-il les 12, 13 et 14 d\u00e9cembre prochain \u00e0 la Rayonne \u00e0 Villeurbanne&hellip;\n","protected":false},"author":2,"featured_media":512112,"comment_status":"","ping_status":"","sticky":false,"template":"","format":"standard","meta":{"footnotes":""},"categories":[1889],"tags":[1111,11,2813,2190,2430,1109,251,1112,2811,1777,674,118,1011,27,1922,1110,1114,2428,2810,12,241,316,25,2812,517,800],"class_list":{"0":"post-512111","1":"post","2":"type-post","3":"status-publish","4":"format-standard","5":"has-post-thumbnail","7":"category-lyon","8":"tag-actu","9":"tag-actualites","10":"tag-article","11":"tag-asvel","12":"tag-auvergne-rhone-alpes","13":"tag-breves","14":"tag-culture","15":"tag-depeches","16":"tag-economique","17":"tag-eu","18":"tag-europe","19":"tag-faits-divers","20":"tag-fr","21":"tag-france","22":"tag-info","23":"tag-informations","24":"tag-infos","25":"tag-lyon","26":"tag-lyonmag","27":"tag-news","28":"tag-ol","29":"tag-politique","30":"tag-republique-francaise","31":"tag-sociale","32":"tag-sport","33":"tag-transports"},"share_on_mastodon":{"url":"https:\/\/pubeurope.com\/@fr\/115493748413100410","error":""},"_links":{"self":[{"href":"https:\/\/www.europesays.com\/fr\/wp-json\/wp\/v2\/posts\/512111","targetHints":{"allow":["GET"]}}],"collection":[{"href":"https:\/\/www.europesays.com\/fr\/wp-json\/wp\/v2\/posts"}],"about":[{"href":"https:\/\/www.europesays.com\/fr\/wp-json\/wp\/v2\/types\/post"}],"author":[{"embeddable":true,"href":"https:\/\/www.europesays.com\/fr\/wp-json\/wp\/v2\/users\/2"}],"replies":[{"embeddable":true,"href":"https:\/\/www.europesays.com\/fr\/wp-json\/wp\/v2\/comments?post=512111"}],"version-history":[{"count":0,"href":"https:\/\/www.europesays.com\/fr\/wp-json\/wp\/v2\/posts\/512111\/revisions"}],"wp:featuredmedia":[{"embeddable":true,"href":"https:\/\/www.europesays.com\/fr\/wp-json\/wp\/v2\/media\/512112"}],"wp:attachment":[{"href":"https:\/\/www.europesays.com\/fr\/wp-json\/wp\/v2\/media?parent=512111"}],"wp:term":[{"taxonomy":"category","embeddable":true,"href":"https:\/\/www.europesays.com\/fr\/wp-json\/wp\/v2\/categories?post=512111"},{"taxonomy":"post_tag","embeddable":true,"href":"https:\/\/www.europesays.com\/fr\/wp-json\/wp\/v2\/tags?post=512111"}],"curies":[{"name":"wp","href":"https:\/\/api.w.org\/{rel}","templated":true}]}}