{"id":512119,"date":"2025-11-04T22:22:29","date_gmt":"2025-11-04T22:22:29","guid":{"rendered":"https:\/\/www.europesays.com\/fr\/512119\/"},"modified":"2025-11-04T22:22:29","modified_gmt":"2025-11-04T22:22:29","slug":"michel-sardou-se-confie-sur-sa-nouvelle-vie-apres-avoir-demenage-loin-de-paris","status":"publish","type":"post","link":"https:\/\/www.europesays.com\/fr\/512119\/","title":{"rendered":"Michel Sardou se confie sur sa nouvelle vie apr\u00e8s avoir d\u00e9m\u00e9nag\u00e9 loin de Paris"},"content":{"rendered":"<p>Depuis quelques ann\u00e9es, Michel Sardou a quitt\u00e9 Paris pour s&rsquo;installer sur la C\u00f4t\u00e9 d&rsquo;Azur et plus pr\u00e9cis\u00e9ment \u00e0 Bormes-les-Mimosas, dans le Var. Dans les colonnes du journal r\u00e9gional, Var Matin, il se confie sur cette d\u00e9cision.<\/p>\n<p>\u00c0 78 ans, Michel Sardou n&rsquo;a plus envie de vivre en r\u00e9gion parisienne. N\u00e9 dans le 18e arrondissement, il a grandi dans la Meuse avant de retourner en \u00cele-de-France pour suivre sa scolarit\u00e9. Une r\u00e9gion qu&rsquo;il n&rsquo;a pas quitt\u00e9e puisque gr\u00e2ce \u00e0 son immense carri\u00e8re, il a fait l&rsquo;acquisition d&rsquo;une immense maison de 700 m2 situ\u00e9e \u00e0 Neuilly sur Seine. <a href=\"https:\/\/www.programme-tv.net\/news\/people\/384117-l-ancienne-maison-de-michel-sardou-est-a-vendre-voici-combien-d-argent-il-faudra-debourser-pour-l-acheter\/\" data-api-deeplink=\"teleloisirs:\/\/news\/384117\" target=\"_blank\" rel=\"noopener\">Une villa r\u00e9cemment mise en vente \u00e0 pr\u00e8s de 19 millions d&rsquo;euros<\/a>, tout comme sa maison situ\u00e9e en Normandie. En effet, l&rsquo;interpr\u00e8te de La maladie d&rsquo;amour a pli\u00e9 bagage pour aller s&rsquo;\u00e9tablir \u00e0 plus de 850 km de chez lui. C&rsquo;est \u00e0 Bormes-les-Mimosas, dans le Var, qu&rsquo;il s&rsquo;\u00e9panouit. Fini la grisaille parisienne, il profite d\u00e9sormais des temp\u00e9ratures cl\u00e9mentes de la C\u00f4te d&rsquo;Azur et du soleil (presque toujours) omnipr\u00e9sent. C&rsquo;est en septembre 2023 qu&rsquo;il a fait l&rsquo;acquisition de cette villa de plus de 500m2. Pour avoir sa propre piscine ainsi que sa superbe vue mer, Michel Sardou a d\u00fb d\u00e9penser 6,3 millions d&rsquo;euros.<\/p>\n<p>                        Michel Sardou a d\u00e9m\u00e9nag\u00e9 dans le Var : \u00ab\u00a0Ici, on ne m\u2019emmerde pas\u00a0\u00bb<\/p>\n<p>Dans les colonnes de Var Matin, Michel Sardou s&rsquo;est livr\u00e9 sur cette nouvelle vie. <a href=\"https:\/\/www.programme-tv.net\/news\/musique\/391247-je-prefere-men-aller-avant-michel-sardou-78-ans-explique-pourquoi-il-refuse-de-remonter-sur-scene\/\" data-api-deeplink=\"teleloisirs:\/\/news\/391247\" target=\"_blank\" rel=\"noopener\">Celui qui ne pr\u00e9voit plus de remonter sur sc\u00e8ne pour une raison pr\u00e9cise<\/a> explique pourquoi il a choisi ce coin-l\u00e0 : \u00ab\u00a0Je ne voulais pas de Nice, ni de Cannes. J\u2019ai cherch\u00e9 vers Cassis avant de me rapprocher d\u2019ici&#8230; J\u2019ai regard\u00e9 la vue&#8230;\u00a0\u00bb Non seulement, il aime sa nouvelle villa, mais il appr\u00e9cie \u00e9galement de pouvoir vivre en toute tranquillit\u00e9. <b>\u00ab\u00a0<\/b><b>Ici, on ne m\u2019emmerde pas<\/b><b>\u00ab\u00a0<\/b>, avoue-t-il, \u00ab\u00a0On ne me demande pas de selfie&#8230;\u00a0\u00bb Capable de sortir sans \u00eatre sollicit\u00e9, il peut m\u00eame promener sa chienne \u00ab\u00a0\u00e0 la plage, parce qu&rsquo;elle aime nager\u00a0\u00bb, sans \u00eatre d\u00e9rang\u00e9.<\/p>\n<p>Michel Sardou a des projets dans sa r\u00e9gion d&rsquo;adoption<\/p>\n<p>Devenu un v\u00e9ritable sudiste, Michel Sardou a m\u00eame des projets avec sa ville. \u00ab\u00a0Je vais organiser un concours de boules en l\u2019honneur de mon p\u00e8re, ici \u00e0 Bormes\u00a0\u00bb, r\u00e9v\u00e8le-t-il avant de pr\u00e9ciser qu&rsquo;il s&rsquo;agira d&rsquo;un \u00ab\u00a0vrai championnat\u00a0\u00bb. Mais pour \u00e7a, il doit en parler avec \u00ab\u00a0avec le maire, prendre contact avec le pr\u00e9sident national de la F\u00e9d\u00e9ration fran\u00e7aise de p\u00e9tanque et de jeu proven\u00e7al\u00a0\u00bb. De quoi l&rsquo;occuper pendant plusieurs mois !<\/p>\n","protected":false},"excerpt":{"rendered":"Depuis quelques ann\u00e9es, Michel Sardou a quitt\u00e9 Paris pour s&rsquo;installer sur la C\u00f4t\u00e9 d&rsquo;Azur et plus pr\u00e9cis\u00e9ment \u00e0&hellip;\n","protected":false},"author":2,"featured_media":512120,"comment_status":"","ping_status":"","sticky":false,"template":"","format":"standard","meta":{"footnotes":""},"categories":[1888],"tags":[1111,1928,11,1927,244,1777,674,1011,27,30040,12,1926,626,1925,25,1630],"class_list":{"0":"post-512119","1":"post","2":"type-post","3":"status-publish","4":"format-standard","5":"has-post-thumbnail","7":"category-paris","8":"tag-actu","9":"tag-actu-paris","10":"tag-actualites","11":"tag-actualites-paris","12":"tag-commentaire","13":"tag-eu","14":"tag-europe","15":"tag-fr","16":"tag-france","17":"tag-michel-sardou","18":"tag-news","19":"tag-news-paris","20":"tag-paris","21":"tag-paris-news","22":"tag-republique-francaise","23":"tag-zapping"},"share_on_mastodon":{"url":"https:\/\/pubeurope.com\/@fr\/115493768156360639","error":""},"_links":{"self":[{"href":"https:\/\/www.europesays.com\/fr\/wp-json\/wp\/v2\/posts\/512119","targetHints":{"allow":["GET"]}}],"collection":[{"href":"https:\/\/www.europesays.com\/fr\/wp-json\/wp\/v2\/posts"}],"about":[{"href":"https:\/\/www.europesays.com\/fr\/wp-json\/wp\/v2\/types\/post"}],"author":[{"embeddable":true,"href":"https:\/\/www.europesays.com\/fr\/wp-json\/wp\/v2\/users\/2"}],"replies":[{"embeddable":true,"href":"https:\/\/www.europesays.com\/fr\/wp-json\/wp\/v2\/comments?post=512119"}],"version-history":[{"count":0,"href":"https:\/\/www.europesays.com\/fr\/wp-json\/wp\/v2\/posts\/512119\/revisions"}],"wp:featuredmedia":[{"embeddable":true,"href":"https:\/\/www.europesays.com\/fr\/wp-json\/wp\/v2\/media\/512120"}],"wp:attachment":[{"href":"https:\/\/www.europesays.com\/fr\/wp-json\/wp\/v2\/media?parent=512119"}],"wp:term":[{"taxonomy":"category","embeddable":true,"href":"https:\/\/www.europesays.com\/fr\/wp-json\/wp\/v2\/categories?post=512119"},{"taxonomy":"post_tag","embeddable":true,"href":"https:\/\/www.europesays.com\/fr\/wp-json\/wp\/v2\/tags?post=512119"}],"curies":[{"name":"wp","href":"https:\/\/api.w.org\/{rel}","templated":true}]}}