{"id":512121,"date":"2025-11-04T22:23:21","date_gmt":"2025-11-04T22:23:21","guid":{"rendered":"https:\/\/www.europesays.com\/fr\/512121\/"},"modified":"2025-11-04T22:23:21","modified_gmt":"2025-11-04T22:23:21","slug":"le-policier-qui-avait-tue-le-squatteur-de-sa-grand-mere-a-bobigny-est-sorti-de-prison","status":"publish","type":"post","link":"https:\/\/www.europesays.com\/fr\/512121\/","title":{"rendered":"le policier qui avait tu\u00e9 le \u00ab\u00a0squatteur\u00a0\u00bb de sa grand-m\u00e8re \u00e0 Bobigny est sorti de prison"},"content":{"rendered":"<p>            Par<br \/>\n        <strong><br \/>\n            <a href=\"https:\/\/actu.fr\/auteur\/julie-bossart-actu-fr\" title=\"Consulter tous les articles de Julie Bossart\" rel=\"nofollow noopener\" target=\"_blank\">Julie Bossart<\/a><br \/>\n        <\/strong><\/p>\n<p>        Publi\u00e9 le<\/p>\n<p>            4 nov. 2025 \u00e0 18h16        <\/p>\n<p>En venant en aide \u00e0 sa famille, il a tu\u00e9 un homme. Samedi 29\u00a0juin 2024, vers 6\u2009h\u200930, un jeune <a href=\"https:\/\/actu.fr\/tag\/police\" rel=\"nofollow noopener\" target=\"_blank\">policier<\/a> affect\u00e9 en Seine-Saint-Denis s\u2019est rendu au domicile de sa grand-m\u00e8re, \u00e0 <a href=\"https:\/\/actu.fr\/ile-de-france\/bobigny_93008\" rel=\"nofollow noopener\" target=\"_blank\">Bobigny<\/a>. Cette derni\u00e8re l\u2019avait appel\u00e9, alert\u00e9e d\u2019avoir entendu du bruit chez elle. Sur place, l\u2019agent de la direction de l\u2019ordre public et de la circulation (DOPC) a d\u00e9couvert dans le garage de la nonag\u00e9naire un individu qui se serait montr\u00e9 mena\u00e7ant, expliquera-t-il. Alors qu\u2019il n\u2019\u00e9tait pas en service, il a<a href=\"https:\/\/actu.fr\/ile-de-france\/bobigny_93008\/seine-saint-denis-un-policier-vise-par-une-information-judiciaire-ouverte-pour-meurtre-par-le-parquet_61289431.html\" rel=\"nofollow noopener\" target=\"_blank\">\u00a0fait usage de son arme \u00e0 sept reprises<\/a>. L\u2019intrus n\u2019a pas surv\u00e9cu.<\/p>\n<p>Un \u00ab\u00a0risque de r\u00e9it\u00e9ration\u00a0\u00bb avanc\u00e9<\/p>\n<p class=\" wall-content\">Une information judiciaire pour homicide volontaire a \u00e9t\u00e9 ouverte et le fonctionnaire de police a \u00e9t\u00e9 plac\u00e9 en d\u00e9tention provisoire. Il a recouvr\u00e9 la libert\u00e9 apr\u00e8s seize mois derri\u00e8re les barreaux, a annonc\u00e9 son avocat, Me Laurent-Franck Lienard, lundi 3\u00a0novembre 2025 sur Facebook. Mais il \u00ab\u2009sort bris\u00e9 de cette exp\u00e9rience\u2009\u00bb.<\/p>\n<p>    <a href=\"https:\/\/www.facebook.com\/plugins\/post.php?href=https%3A%2F%2Fwww.facebook.com%2Flaurentfranck.lienard%2Fposts%2Fpfbid0XVt3nsMraeSTwYt9ZDmmEhb9RSvx5KvfieGqzu1Ft9paZ8cURD7cGG2NytvSM2Z6l&amp;show_text=true&amp;width=350\" title=\"Ouvrie le lien\" rel=\"nofollow noopener\" target=\"_blank\">Cliquez ici pour visualiser le contenu<\/a><\/p>\n<p class=\" wall-content\">Pour le conseil sp\u00e9cialis\u00e9 dans la d\u00e9fense des forces de l\u2019ordre et du droit des armes, par ailleurs charg\u00e9 du cas du <a href=\"https:\/\/actu.fr\/ile-de-france\/nanterre_92050\/mort-de-nahel-a-nanterre-la-demande-d-appel-du-policier-sera-finalement-etudiee-en-decembre_63244316.html\" rel=\"nofollow noopener\" target=\"_blank\">policier auteur du tir mortel sur Nahel Merzouk<\/a>, il s\u2019agit d\u2019une victoire obtenue apr\u00e8s \u00ab\u2009sept demandes de mises en libert\u00e9, toutes rejet\u00e9es au motif d\u2019un pr\u00e9tendu risque de r\u00e9it\u00e9ration\u2009\u00bb, a-t-il recontextualis\u00e9 dans un pr\u00e9c\u00e9dent post o\u00f9 il condamnait le traitement \u00ab\u2009in\u00e9dit et terriblement choquant\u2009\u00bb inflig\u00e9 \u00e0 son client.<\/p>\n<p class=\" wall-content\">\u00ab\u2009Broy\u00e9 par une justice \u00e0 la s\u00e9v\u00e9rit\u00e9 rare\u2009\u00bb, le policier \u00e9tait \u00ab\u2009en train de mourir \u00e0 petit feu au fond d\u2019une cellule pour avoir d\u00e9fendu sa vie\u2009\u00bb, d\u00e9non\u00e7ait Me Laurent-Franck Lienard. Et de justifier, le jour du drame, le policier aurait ouvert le feu \u00ab\u2009sur un individu qui le chargeait, arm\u00e9 d\u2019un outil m\u00e9tallique\u2009\u00bb. Une version contest\u00e9e par l\u2019avocat de la victime.<\/p>\n<p>\u00ab\u00a0Les mensonges\u00a0\u00bb du policier<\/p>\n<p class=\" wall-content\">Cit\u00e9 par <a href=\"https:\/\/www.lefigaro.fr\/faits-divers\/il-avait-abattu-un-squatteur-clandestin-chez-sa-grand-mere-a-bobigny-apres-16-mois-de-detention-provisoire-un-policier-retrouve-la-liberte-20251104\" rel=\"nofollow noopener\" target=\"_blank\">Le Figaro<\/a>, Me Yassine Bouzrou consid\u00e8re que les conclusions de la reconstitution, men\u00e9e fin septembre, ont \u00ab\u2009d\u00e9montr\u00e9 les nombreux mensonges du policier\u2009\u00bb et que sa version \u00ab\u2009est totalement contraire \u00e0 la v\u00e9rit\u00e9\u2009\u00bb. Toujours selon lui, la victime \u00e9tait un travailleur clandestin qui effectuait de menus travaux chez la grand-m\u00e8re du policier.<\/p>\n<p class=\" wall-content\">Si la cour d\u2019appel de Paris a confirm\u00e9 la d\u00e9cision du juge des libert\u00e9s et de la d\u00e9tention, malgr\u00e9 l\u2019appel du parquet qui s\u2019opposait \u00e0 toute lev\u00e9e de d\u00e9tention, \u00c9ric reste sous contr\u00f4le judiciaire, assign\u00e9 \u00e0 r\u00e9sidence. \u00ab\u2009Il va falloir qu\u2019il se r\u00e9tablisse pour faire face aux prochaines \u00e9ch\u00e9ances, mais c\u2019est en homme libre qu\u2019il les affrontera\u2009\u00bb, salue Me Laurent-Franck Lienard. L\u2019information judiciaire court et la date du proc\u00e8s n\u2019a pas \u00e9t\u00e9 fix\u00e9e.<\/p>\n<p class=\" wall-content\">Personnalisez votre actualit\u00e9 en ajoutant vos villes et m\u00e9dias en favori avec <a href=\"https:\/\/moncompte.actu.fr\" title=\"D\u00e9couvez Mon Actu\" rel=\"nofollow noopener\" data-trk=\"{&quot;cta&quot;:{&quot;action&quot;:&quot;https:\\\/\\\/moncompte.actu.fr&quot;,&quot;category&quot;:&quot;mon compte&quot;,&quot;from&quot;:&quot;article footer&quot;,&quot;name&quot;:&quot;Mon actu&quot;,&quot;type&quot;:&quot;cta&quot;}}\" target=\"_blank\">Mon Actu<\/a>.<\/p>\n","protected":false},"excerpt":{"rendered":"Par Julie Bossart Publi\u00e9 le 4 nov. 2025 \u00e0 18h16 En venant en aide \u00e0 sa famille, il&hellip;\n","protected":false},"author":2,"featured_media":512122,"comment_status":"","ping_status":"","sticky":false,"template":"","format":"standard","meta":{"footnotes":""},"categories":[1888],"tags":[11,1777,674,118,1011,27,303,12,626,1072,25],"class_list":{"0":"post-512121","1":"post","2":"type-post","3":"status-publish","4":"format-standard","5":"has-post-thumbnail","7":"category-paris","8":"tag-actualites","9":"tag-eu","10":"tag-europe","11":"tag-faits-divers","12":"tag-fr","13":"tag-france","14":"tag-justice","15":"tag-news","16":"tag-paris","17":"tag-police","18":"tag-republique-francaise"},"share_on_mastodon":{"url":"https:\/\/pubeurope.com\/@fr\/115493772192957020","error":""},"_links":{"self":[{"href":"https:\/\/www.europesays.com\/fr\/wp-json\/wp\/v2\/posts\/512121","targetHints":{"allow":["GET"]}}],"collection":[{"href":"https:\/\/www.europesays.com\/fr\/wp-json\/wp\/v2\/posts"}],"about":[{"href":"https:\/\/www.europesays.com\/fr\/wp-json\/wp\/v2\/types\/post"}],"author":[{"embeddable":true,"href":"https:\/\/www.europesays.com\/fr\/wp-json\/wp\/v2\/users\/2"}],"replies":[{"embeddable":true,"href":"https:\/\/www.europesays.com\/fr\/wp-json\/wp\/v2\/comments?post=512121"}],"version-history":[{"count":0,"href":"https:\/\/www.europesays.com\/fr\/wp-json\/wp\/v2\/posts\/512121\/revisions"}],"wp:featuredmedia":[{"embeddable":true,"href":"https:\/\/www.europesays.com\/fr\/wp-json\/wp\/v2\/media\/512122"}],"wp:attachment":[{"href":"https:\/\/www.europesays.com\/fr\/wp-json\/wp\/v2\/media?parent=512121"}],"wp:term":[{"taxonomy":"category","embeddable":true,"href":"https:\/\/www.europesays.com\/fr\/wp-json\/wp\/v2\/categories?post=512121"},{"taxonomy":"post_tag","embeddable":true,"href":"https:\/\/www.europesays.com\/fr\/wp-json\/wp\/v2\/tags?post=512121"}],"curies":[{"name":"wp","href":"https:\/\/api.w.org\/{rel}","templated":true}]}}