{"id":512123,"date":"2025-11-04T22:24:14","date_gmt":"2025-11-04T22:24:14","guid":{"rendered":"https:\/\/www.europesays.com\/fr\/512123\/"},"modified":"2025-11-04T22:24:14","modified_gmt":"2025-11-04T22:24:14","slug":"psg-bayern-munich-1-2-paris-touche-paris-coule","status":"publish","type":"post","link":"https:\/\/www.europesays.com\/fr\/512123\/","title":{"rendered":"PSG-Bayern Munich (1-2) : Paris touch\u00e9, Paris coul\u00e9"},"content":{"rendered":"<p class=\"paragraph text_align_left lp-f-body-02\">Les yeux pour pleurer et aucun lot de consolation. Dans un choc \u00e9lectrique et une animosit\u00e9 impensable entre les deux formations, <a href=\"https:\/\/www.leparisien.fr\/sports\/football\/psg\/\" target=\"_blank\" rel=\"noreferrer nofollow noopener\">Paris <\/a>a perdu ses id\u00e9aux et deux nouveaux joueurs ce mardi soir, ce qui ne compromet pas sa saison europ\u00e9enne mais l\u2019affaiblit physiquement et mentalement pur plusieurs semaines. <\/p>\n<p class=\"paragraph text_align_left lp-f-body-02\">Apr\u00e8s le bonheur de la l\u00e9vitation jusqu\u2019au 13 ao\u00fbt dernier et la Supercoupe d\u2019Europe en poche, il se cogne au r\u00e9el avec des joies (Barcelone, Leverkusen) et un quotidien affreux, sale et m\u00e9chant (les blessures, essentiellement). Rien ne lui est \u00e9pargn\u00e9 tandis qu\u2019il se met aussi de son plein gr\u00e9 dans des situations impossibles. Le sauvetage in extremis contre Nice samedi (1-0 \u00e0 la 94e) n\u2019a pas connu de rebelote ce mardi soir au Parc. <\/p>\n<p class=\"paragraph text_align_left lp-f-body-02\">Un cauchemar aura travers\u00e9 ce PSG-Bayern Munich, avec une \u00e9quipe incapable de r\u00e9pondre tactiquement \u00e0 la force tellurique des Allemands, et de nouveaux bless\u00e9s pour les champions d\u2019Europe. La d\u00e9faite, m\u00eame si elle fait mal \u00e0 la t\u00eate, ils s\u2019en remettront. Les absents, pas s\u00fbr. Parce qu\u2019ils deviennent le d\u00e9cor intime de la saison parisienne, avec un <a href=\"https:\/\/www.leparisien.fr\/sports\/football\/ousmane-dembele\/\" target=\"_blank\" rel=\"noreferrer nofollow noopener\">Ousmane Demb\u00e9l\u00e9<\/a> qui ne la d\u00e9marre toujours pas. Quand pourront-ils profiter, et nous avec, du Ballon d\u2019or ? <\/p>\n<p class=\"paragraph text_align_left lp-f-body-02\">Quant \u00e0 Achraf Hakimi, irrempla\u00e7able lat\u00e9ral, ses larmes apr\u00e8s une cheville broy\u00e9e par Luis Diaz n\u2019annonce rien de bon pour son futur imm\u00e9diat, en commen\u00e7ant par la Coupe d\u2019Afrique des nations organis\u00e9e en fin d\u2019ann\u00e9e, chez lui, au Maroc. <\/p>\n<p class=\"paragraph text_align_left lp-f-body-02\">On conna\u00eet les raisons de cette avalanche, m\u00eame si le Colombien, <a href=\"https:\/\/www.leparisien.fr\/sports\/football\/ligue-des-champions\/psg-bayern-munich-la-video-du-tacle-abominable-de-luis-diaz-exclu-apres-avoir-blesse-achraf-hakimi-a-la-cheville-04-11-2025-7HVER2BDGVFFVB6VW3RITOCUBU.php\" target=\"_blank\" rel=\"noreferrer nofollow noopener\">d\u2019un tacle abominable<\/a>, n\u2019a pas eu besoin de la Coupe du monde des clubs et d\u2019un calendrier d\u00e9mentiel pour provoquer un drame suppl\u00e9mentaire et un pensionnaire de plus \u00e0 l\u2019infirmerie. Le mercato, qui n\u2019\u00e9tait jusqu\u2019ici pas une option en cas de blessure, va revenir peupler les nuits des d\u00e9cideurs parisiens. Lesquels ont vu le meilleur adversaire depuis trois ans et le d\u00e9but du mandat de Luis Enrique \u00e0 Paris venir s\u2019amuser au Parc des Princes. <\/p>\n<p>Un but rageux de Joao Neves<\/p>\n<p class=\"paragraph text_align_left lp-f-body-02\">Le Bayern a livr\u00e9 une masterclass inou\u00efe, m\u00eame si les deux premiers buts ont \u00e9t\u00e9 donn\u00e9s aux Bavarois sur des pertes de balle incroyables de Nuno Mendes et surtout de Marquinhos, r\u00e9duit \u00e0 une erreur \u00e0 la El Chadaille Bitshiabu un soir \u00e0 Munich sous Christophe Galtier en 8e de finale retour de la C1. Ce n\u2019est pas exactement le destin pr\u00e9vu apr\u00e8s le sacre europ\u00e9en que le Br\u00e9silien aura pass\u00e9 une vie de footballeur \u00e0 attendre. <\/p>\n<p class=\"paragraph text_align_left lp-f-body-02\">Les hommes de Vincent Kompany ont r\u00e9ussi comme aucune autre \u00e9quipe \u00e0 presser le PSG, Vitinha d\u2019abord, tout en limitant dans leurs zones les lat\u00e9raux, obligeant Paris \u00e0 ressortir le ballon autrement et surtout \u00e0 construire le jeu diff\u00e9remment. Spoiler : ils ne savent pas faire, sous le double fardeau de l\u2019urgence et sans oxyg\u00e8ne, pris \u00e0 la gorge syst\u00e9matiquement par un Allemand sur le porteur, avant d\u2019\u00eatre r\u00e9duit \u00e0 dix et de se replier. La performance de Dayot Upamecano, que l\u2019on n\u2019avait jamais vu aussi haut et influent dans une partie, demeure un \u00e9merveillement, en songeant \u00e0 ce que pourrait ressembler une charni\u00e8re avec lui et Willian Pacho. <\/p>\n<p class=\"paragraph text_align_left lp-f-body-02\">Bradley Barcola, qui n\u2019avait pas vraiment envie de d\u00e9fendre ce mercredi, est pass\u00e9 une seule fois face \u00e0 son vis \u00e0 vis alors que Khvicha Kvaratskhelia a d\u00fb prendre l\u2019axe apr\u00e8s la sortie du Ballon d\u2019or. Le G\u00e9orgien avait de bonnes jambes, pourtant, mais entre Kang-in Lee, le rempla\u00e7ant de Demb\u00e9l\u00e9, plus passeur, et l\u2019ancien Lyonnais, tr\u00e8s g\u00ean\u00e9 avec le ballon, le choix de recentrer l\u2019ex-Napolitain avait sa logique, celle d\u2019un attaquant aux deux pieds et davantage buteur que ses deux comparses du secteur offensif avant l\u2019entr\u00e9e de Gon\u00e7alo Ramos \u00e0 25 minutes du terme. Rien ne viendra \u00e9clairer la nuit parisienne malgr\u00e9<a href=\"https:\/\/www.leparisien.fr\/sports\/football\/ligue-des-champions\/psg-bayern-munich-la-video-du-but-de-joao-neves-huit-minutes-apres-son-entree-en-jeu-04-11-2025-W4R4JFDVFFHTHFUZYI6S44AOBI.php\" target=\"_blank\" rel=\"noreferrer nofollow noopener\"> un but rageux de Jo\u00e3o Neves<\/a>&#8230; <\/p>\n","protected":false},"excerpt":{"rendered":"Les yeux pour pleurer et aucun lot de consolation. Dans un choc \u00e9lectrique et une animosit\u00e9 impensable entre&hellip;\n","protected":false},"author":2,"featured_media":512124,"comment_status":"","ping_status":"","sticky":false,"template":"","format":"standard","meta":{"footnotes":""},"categories":[1888],"tags":[11,1777,674,63,1011,27,447,12,626,25,60],"class_list":{"0":"post-512123","1":"post","2":"type-post","3":"status-publish","4":"format-standard","5":"has-post-thumbnail","7":"category-paris","8":"tag-actualites","9":"tag-eu","10":"tag-europe","11":"tag-football","12":"tag-fr","13":"tag-france","14":"tag-ligue-des-champions","15":"tag-news","16":"tag-paris","17":"tag-republique-francaise","18":"tag-sports"},"share_on_mastodon":{"url":"https:\/\/pubeurope.com\/@fr\/115493775956164801","error":""},"_links":{"self":[{"href":"https:\/\/www.europesays.com\/fr\/wp-json\/wp\/v2\/posts\/512123","targetHints":{"allow":["GET"]}}],"collection":[{"href":"https:\/\/www.europesays.com\/fr\/wp-json\/wp\/v2\/posts"}],"about":[{"href":"https:\/\/www.europesays.com\/fr\/wp-json\/wp\/v2\/types\/post"}],"author":[{"embeddable":true,"href":"https:\/\/www.europesays.com\/fr\/wp-json\/wp\/v2\/users\/2"}],"replies":[{"embeddable":true,"href":"https:\/\/www.europesays.com\/fr\/wp-json\/wp\/v2\/comments?post=512123"}],"version-history":[{"count":0,"href":"https:\/\/www.europesays.com\/fr\/wp-json\/wp\/v2\/posts\/512123\/revisions"}],"wp:featuredmedia":[{"embeddable":true,"href":"https:\/\/www.europesays.com\/fr\/wp-json\/wp\/v2\/media\/512124"}],"wp:attachment":[{"href":"https:\/\/www.europesays.com\/fr\/wp-json\/wp\/v2\/media?parent=512123"}],"wp:term":[{"taxonomy":"category","embeddable":true,"href":"https:\/\/www.europesays.com\/fr\/wp-json\/wp\/v2\/categories?post=512123"},{"taxonomy":"post_tag","embeddable":true,"href":"https:\/\/www.europesays.com\/fr\/wp-json\/wp\/v2\/tags?post=512123"}],"curies":[{"name":"wp","href":"https:\/\/api.w.org\/{rel}","templated":true}]}}