{"id":512131,"date":"2025-11-04T22:28:12","date_gmt":"2025-11-04T22:28:12","guid":{"rendered":"https:\/\/www.europesays.com\/fr\/512131\/"},"modified":"2025-11-04T22:28:12","modified_gmt":"2025-11-04T22:28:12","slug":"sarah-davis-fashionphile-lacquisition-de-luxe-collective-au-royaume-uni-est-une-etape-importante","status":"publish","type":"post","link":"https:\/\/www.europesays.com\/fr\/512131\/","title":{"rendered":"Sarah Davis (Fashionphile) : \u00ab\u00a0L&rsquo;acquisition de Luxe Collective au Royaume-Uni est une \u00e9tape importante\u00a0\u00bb"},"content":{"rendered":"<p>\n                                        <b>Traduit par<\/b><br \/>\n                                        <br \/>Cecile Herrero\n                                    <\/p>\n<p>\n                                    <b>Publi\u00e9 le<\/b><br \/>\n                                    <\/p>\n<p>                                        4 novembre 2025<\/p>\n<p class=\"article-content col-md-8 offset-md-1\">\n                                Le 29 septembre, Fashionphile, une enseigne de revente ultra-luxe, a annonc\u00e9 l&rsquo;ouverture d&rsquo;un immense magasin phare de quelque 3.000 m\u00e8tres carr\u00e9s \u00e0 Row DTLA, \u00e0 Los Angeles. Il s&rsquo;agit d&rsquo;une expansion majeure pour la marque, qui s&rsquo;ajoute \u00e0 l&rsquo;acquisition r\u00e9cente de la soci\u00e9t\u00e9 de revente Luxe Collective, bas\u00e9e au Royaume-Uni. Sarah Davis, fondatrice et pr\u00e9sidente de Fashionphile, livre \u00e0 <a class=\"fnwAddLinks\" href=\"https:\/\/fr.fashionnetwork.com\/tags-fashionnetwork-com\" title=\"FashionNetwork.com\" target=\"_blank\" rel=\"noopener\">FashionNetwork.com<\/a> les d\u00e9tails de cette derni\u00e8re ouverture et partage les ambitions de la marque pour les march\u00e9s am\u00e9ricain et international.\n                            <\/p>\n<p>\n                                Cet article est une traduction automatique.\n                            <\/p>\n<p>\n                                Tous droits de reproduction et de repr\u00e9sentation r\u00e9serv\u00e9s.<br \/>\u00a9 2025 FashionNetwork.com\n                            <\/p>\n","protected":false},"excerpt":{"rendered":"Traduit par Cecile Herrero Publi\u00e9 le 4 novembre 2025 Le 29 septembre, Fashionphile, une enseigne de revente ultra-luxe,&hellip;\n","protected":false},"author":2,"featured_media":512132,"comment_status":"","ping_status":"","sticky":false,"template":"","format":"standard","meta":{"footnotes":""},"categories":[1588],"tags":[11,2424,537,2423,1777,674,18448,3797,2425,985,54194,12,2298,2426,2427,2421,473,1853,2422,1851,1850,1852],"class_list":{"0":"post-512131","1":"post","2":"type-post","3":"status-publish","4":"format-standard","5":"has-post-thumbnail","7":"category-royaume-uni","8":"tag-actualites","9":"tag-beaute","10":"tag-contact","11":"tag-cosmetiques","12":"tag-eu","13":"tag-europe","14":"tag-fashionnetwork-com","15":"tag-louis-vuitton","16":"tag-luxe","17":"tag-mode","18":"tag-neiman-marcus","19":"tag-news","20":"tag-parfum","21":"tag-professionnel","22":"tag-professionnels","23":"tag-reseau","24":"tag-royaume-uni","25":"tag-royaume-uni-de-grande-bretagne-et-dirlande-du-nord","26":"tag-textile","27":"tag-uk","28":"tag-united-kingdom","29":"tag-united-kingdom-of-great-britain-and-northern-ireland"},"share_on_mastodon":{"url":"https:\/\/pubeurope.com\/@fr\/115493791633781258","error":""},"_links":{"self":[{"href":"https:\/\/www.europesays.com\/fr\/wp-json\/wp\/v2\/posts\/512131","targetHints":{"allow":["GET"]}}],"collection":[{"href":"https:\/\/www.europesays.com\/fr\/wp-json\/wp\/v2\/posts"}],"about":[{"href":"https:\/\/www.europesays.com\/fr\/wp-json\/wp\/v2\/types\/post"}],"author":[{"embeddable":true,"href":"https:\/\/www.europesays.com\/fr\/wp-json\/wp\/v2\/users\/2"}],"replies":[{"embeddable":true,"href":"https:\/\/www.europesays.com\/fr\/wp-json\/wp\/v2\/comments?post=512131"}],"version-history":[{"count":0,"href":"https:\/\/www.europesays.com\/fr\/wp-json\/wp\/v2\/posts\/512131\/revisions"}],"wp:featuredmedia":[{"embeddable":true,"href":"https:\/\/www.europesays.com\/fr\/wp-json\/wp\/v2\/media\/512132"}],"wp:attachment":[{"href":"https:\/\/www.europesays.com\/fr\/wp-json\/wp\/v2\/media?parent=512131"}],"wp:term":[{"taxonomy":"category","embeddable":true,"href":"https:\/\/www.europesays.com\/fr\/wp-json\/wp\/v2\/categories?post=512131"},{"taxonomy":"post_tag","embeddable":true,"href":"https:\/\/www.europesays.com\/fr\/wp-json\/wp\/v2\/tags?post=512131"}],"curies":[{"name":"wp","href":"https:\/\/api.w.org\/{rel}","templated":true}]}}