{"id":512143,"date":"2025-11-04T22:35:15","date_gmt":"2025-11-04T22:35:15","guid":{"rendered":"https:\/\/www.europesays.com\/fr\/512143\/"},"modified":"2025-11-04T22:35:15","modified_gmt":"2025-11-04T22:35:15","slug":"jeong-weon-ko-des-changements-attendus-pour-2026","status":"publish","type":"post","link":"https:\/\/www.europesays.com\/fr\/512143\/","title":{"rendered":"Jeong weon Ko, des changements attendus pour 2026"},"content":{"rendered":"<p>M\u00eame si rien n\u2019est encore d\u00e9finitif, son calendrier devrait par cons\u00e9quent \u00e9voluer sensiblement par rapport aux ann\u00e9es pr\u00e9c\u00e9dentes, celles qui correspondent \u00e0 sa pr\u00e9sence au plus haut niveau. \u00ab\u00a0Ces bonnes questions, c\u2019est peut-\u00eatre ma mani\u00e8re de me pr\u00e9parer pour la saison, avance-t-il encore. G\u00e9n\u00e9ralement, je faisais tous les premiers tournois, en Afrique du Sud, en Australie\u2026 Cette ann\u00e9e, on va peut-\u00eatre en retirer quelques-uns. Voire tous, pour vraiment aborder comme il faut le <strong>Hero Dubai Desert Classic<\/strong> (22-25 janvier 2026), et \u00eatre pr\u00eat pour ce tournoi.\u00a0Je n\u2019en ai pas encore parl\u00e9 de fa\u00e7on claire avec mes coaches (<strong>Alain Alberti<\/strong> et <strong>Rapha\u00ebl Jacquelin<\/strong>). C\u2019est dans un coin de ma t\u00eate pour le moment. On va attendre que la saison se termine pour vraiment faire le point tous ensemble.\u00a0On va se voir tr\u00e8s bient\u00f4t du c\u00f4t\u00e9 de Massane (pr\u00e8s de Montpellier).\u00a0\u00bb<\/p>\n<p>\u00ab\u00a0Le but est de r\u00e9duire le nombre de tournois et d\u2019augmenter les temps de break, ajoute-t-il. Avoir vraiment des semaines de pr\u00e9paration pour \u00eatre en forme le moment voulu, et donc \u00eatre pr\u00eat pour le tournoi. Ce serait mon but ultime. Comment je vais g\u00e9rer cela, c\u2019est la grande question qu\u2019on peut se poser. C\u2019est quelque chose que j\u2019ai voulu mettre en place cette ann\u00e9e et je n\u2019y suis pas arriv\u00e9. Ce sera un gros th\u00e8me pour 2026 : mieux g\u00e9rer les tournois, mieux g\u00e9rer mon calendrier.\u00a0\u00bb<\/p>\n","protected":false},"excerpt":{"rendered":"M\u00eame si rien n\u2019est encore d\u00e9finitif, son calendrier devrait par cons\u00e9quent \u00e9voluer sensiblement par rapport aux ann\u00e9es pr\u00e9c\u00e9dentes,&hellip;\n","protected":false},"author":2,"featured_media":512144,"comment_status":"","ping_status":"","sticky":false,"template":"","format":"standard","meta":{"footnotes":""},"categories":[1418],"tags":[1011,27,1472,60],"class_list":{"0":"post-512143","1":"post","2":"type-post","3":"status-publish","4":"format-standard","5":"has-post-thumbnail","7":"category-golf","8":"tag-fr","9":"tag-france","10":"tag-golf","11":"tag-sports"},"share_on_mastodon":{"url":"https:\/\/pubeurope.com\/@fr\/115493819017829057","error":""},"_links":{"self":[{"href":"https:\/\/www.europesays.com\/fr\/wp-json\/wp\/v2\/posts\/512143","targetHints":{"allow":["GET"]}}],"collection":[{"href":"https:\/\/www.europesays.com\/fr\/wp-json\/wp\/v2\/posts"}],"about":[{"href":"https:\/\/www.europesays.com\/fr\/wp-json\/wp\/v2\/types\/post"}],"author":[{"embeddable":true,"href":"https:\/\/www.europesays.com\/fr\/wp-json\/wp\/v2\/users\/2"}],"replies":[{"embeddable":true,"href":"https:\/\/www.europesays.com\/fr\/wp-json\/wp\/v2\/comments?post=512143"}],"version-history":[{"count":0,"href":"https:\/\/www.europesays.com\/fr\/wp-json\/wp\/v2\/posts\/512143\/revisions"}],"wp:featuredmedia":[{"embeddable":true,"href":"https:\/\/www.europesays.com\/fr\/wp-json\/wp\/v2\/media\/512144"}],"wp:attachment":[{"href":"https:\/\/www.europesays.com\/fr\/wp-json\/wp\/v2\/media?parent=512143"}],"wp:term":[{"taxonomy":"category","embeddable":true,"href":"https:\/\/www.europesays.com\/fr\/wp-json\/wp\/v2\/categories?post=512143"},{"taxonomy":"post_tag","embeddable":true,"href":"https:\/\/www.europesays.com\/fr\/wp-json\/wp\/v2\/tags?post=512143"}],"curies":[{"name":"wp","href":"https:\/\/api.w.org\/{rel}","templated":true}]}}