{"id":512146,"date":"2025-11-04T22:38:14","date_gmt":"2025-11-04T22:38:14","guid":{"rendered":"https:\/\/www.europesays.com\/fr\/512146\/"},"modified":"2025-11-04T22:38:14","modified_gmt":"2025-11-04T22:38:14","slug":"novak-djokovic-refute-la-confirmation-de-sa-presence-aux-finales-atp-je-deciderai-a-la-fin-du-tournoi-dathenes-lequipe","status":"publish","type":"post","link":"https:\/\/www.europesays.com\/fr\/512146\/","title":{"rendered":"Novak Djokovic r\u00e9fute la \u00ab confirmation \u00bb de sa pr\u00e9sence aux Finales ATP : \u00ab Je d\u00e9ciderai \u00e0 la fin du tournoi \u00bb d&#039;Ath\u00e8nes &#8211; L&#039;\u00c9quipe"},"content":{"rendered":"<ol>\n<li><a href=\"https:\/\/news.google.com\/rss\/articles\/CBMi8gFBVV95cUxNYlJYcVJUbXctc0lCblVxTm5aejhDWUV5R0VOUVdfNkdaQTItY01GdkprdEF5cS1Ib0g3SkIxREtQdFZVbm53emt5OWY1UUdxSk1BV1dkSUhkTUtRTEJnSWVTcGw3akk4NkVYVnpnbW5uYzZQVTNESzFjQ0xDRWd0c2Jkb1FnSC1kVTVtbzVyTDduREh3OHRWQzI0V3NRaHNUSFhSekxwMm43a3ZvSlJLRnA2amd6RjgtekZyY2RqbGEzVXZueU40dHAxdHFpV2RIUjdrbFdoYXUxYkd5anpuSmFxNEN4NVc1NjVRODNyMnV3Zw?oc=5\" target=\"_blank\" rel=\"nofollow noopener\">Novak Djokovic r\u00e9fute la \u00ab confirmation \u00bb de sa pr\u00e9sence aux Finales ATP : \u00ab Je d\u00e9ciderai \u00e0 la fin du tournoi \u00bb d&rsquo;Ath\u00e8nes<\/a>&nbsp;&nbsp;L&rsquo;\u00c9quipe<\/li>\n<li><a href=\"https:\/\/news.google.com\/rss\/articles\/CBMisAJBVV95cUxNcmpYT3ozUV9DNXhfeU5STDFndTZFN3AzQ1piNHhWbUcyMmcwdmp0d19RSExBR2tjbWFMcGtnOUlxdFZhMDJHaEtYY01fOVNraFB1dVB2eEJoUmp0NnFwU01NeXBzRTlZaXlUdnk1V2NMalpOZGZteUhrOEhqLWNVUFZVMXRIU2xwUzZPUzNuOFFSYkdVT2d5Qm9MeVJLS3RjbC1vaHhPcXdKdEN0RWcwaFFJSHlHdlQyQWJ1WHJnUGxva0VjbDJOWUptZk01VTlKRHRzWnNpeE1SVzRtcnJqVWo0ZXB4elQwWms2a3pFdnhSY2pIb09xNmJTblRSN3EtWlBrbnBBb0JMNDVuVXdlQUxrYkFhLVc0Y0ZicjJXV3ZaOExqd1ZfTDBZSDBNSG11?oc=5\" target=\"_blank\" rel=\"nofollow noopener\">Djokovic d\u00e9ment avoir tranch\u00e9 pour le Masters : \u00ab\u00a0Je ne sais pas d&rsquo;o\u00f9 il tient cette information\u00a0\u00bb<\/a>&nbsp;&nbsp;Eurosport<\/li>\n<li><a href=\"https:\/\/news.google.com\/rss\/articles\/CBMi0gFBVV95cUxPWlQ0UE16c0Q1eWZGTC1hc0lDYlh0WTBiQnNyOUxpR25zNTlkSEZFNmNiT2NMYTUwc2oyWVdvY3hZeDdkREFQcGdPOHE1T1lwRUotWFMtZnRmUXZNZ09CV2dpUDNzRmF6UGhyTEpxUFRDaENoa2pJSDlSVVh2THNxbjVfQl9aTlB6UmNIZnhZR0tYUDJNNzl0ai1OcUw0VWxUWEE1NHp0NjdZU2J2d1hBMElYcG9wbm1sa3RSaXZVZEl4YURYNXNLU2pTTklMck5yM2c?oc=5\" target=\"_blank\" rel=\"nofollow noopener\">Tennis : Novak Djokovic disputera le Masters \u00e0 Turin assure le pr\u00e9sident de la F\u00e9d\u00e9ration italienne<\/a>&nbsp;&nbsp;Le Figaro<\/li>\n<li><a href=\"https:\/\/news.google.com\/rss\/articles\/CBMingFBVV95cUxQUFQyaThZZW8tOXhVWXkzb2xBSTRDb1p0UDJZd1VzMDItUjh1MVdSSWNVLUdTSXlUZEd6eTVhS1JfdG9iQm5QS1l6ZkdBVDFCRFEtM0FNaTFReHZPcEpZaGlCVDNoem50enVxckJLbmJpOWVxS0xUOEJHLUFEd04xY2VHaUxkNnFpVG5ZTFVmX280T0ZzNTYzdXFOSmRJZ9IBnAFBVV95cUxObUxPODBZVEhobFZqUjZWWGE5UU5Pa3hmLV91anZCZUtBNzdHVUdlWE81V0U1cHJwU0VaTjZ5aWwxQ2JETnZ5VS13UGlmXzdyWlFQV2VvWTFsLVBlek95X3NDd0h3d0JqT081RTlJY2JwLS1UWW02dXJnTzZMV3AwNlQtU3NmMUloalF5c0FiU2w2eTc4dGlTbGMtaUY?oc=5\" target=\"_blank\" rel=\"nofollow noopener\">ATP &#8211; Masters : Djokovic sera bien l\u00e0 : Sports &#8211; Orange<\/a>&nbsp;&nbsp;Sports &#8211; Orange<\/li>\n<li><a href=\"https:\/\/news.google.com\/rss\/articles\/CBMihAFBVV95cUxQVGpheE81MmZkcmwwQ2JrVDUtQ1YydkdVeWxEY2tnMjZoeExBV1g0VXljeHA1WDlSU3RwSHh3dE5zMWdaNFEwU3ppb3EzNmJzZG5SQTRwSkxoc2lvRV8zVDZuOS1JR0owaHV6Z0VYcVRCSTlVWlhhVi1WcFQ0RWxfaGF2YTM?oc=5\" target=\"_blank\" rel=\"nofollow noopener\">Officiel : Djokovic \u00e9gale Federer avec une 17e participation aux ATP Finals !<\/a>&nbsp;&nbsp;Tennis Temple<\/li>\n<\/ol>\n","protected":false},"excerpt":{"rendered":"Novak Djokovic r\u00e9fute la \u00ab confirmation \u00bb de sa pr\u00e9sence aux Finales ATP : \u00ab Je d\u00e9ciderai \u00e0&hellip;\n","protected":false},"author":2,"featured_media":512147,"comment_status":"","ping_status":"","sticky":false,"template":"","format":"standard","meta":{"footnotes":""},"categories":[1415],"tags":[1011,27,60,1467],"class_list":{"0":"post-512146","1":"post","2":"type-post","3":"status-publish","4":"format-standard","5":"has-post-thumbnail","7":"category-tennis","8":"tag-fr","9":"tag-france","10":"tag-sports","11":"tag-tennis"},"share_on_mastodon":{"url":"https:\/\/pubeurope.com\/@fr\/115493830879460108","error":""},"_links":{"self":[{"href":"https:\/\/www.europesays.com\/fr\/wp-json\/wp\/v2\/posts\/512146","targetHints":{"allow":["GET"]}}],"collection":[{"href":"https:\/\/www.europesays.com\/fr\/wp-json\/wp\/v2\/posts"}],"about":[{"href":"https:\/\/www.europesays.com\/fr\/wp-json\/wp\/v2\/types\/post"}],"author":[{"embeddable":true,"href":"https:\/\/www.europesays.com\/fr\/wp-json\/wp\/v2\/users\/2"}],"replies":[{"embeddable":true,"href":"https:\/\/www.europesays.com\/fr\/wp-json\/wp\/v2\/comments?post=512146"}],"version-history":[{"count":0,"href":"https:\/\/www.europesays.com\/fr\/wp-json\/wp\/v2\/posts\/512146\/revisions"}],"wp:featuredmedia":[{"embeddable":true,"href":"https:\/\/www.europesays.com\/fr\/wp-json\/wp\/v2\/media\/512147"}],"wp:attachment":[{"href":"https:\/\/www.europesays.com\/fr\/wp-json\/wp\/v2\/media?parent=512146"}],"wp:term":[{"taxonomy":"category","embeddable":true,"href":"https:\/\/www.europesays.com\/fr\/wp-json\/wp\/v2\/categories?post=512146"},{"taxonomy":"post_tag","embeddable":true,"href":"https:\/\/www.europesays.com\/fr\/wp-json\/wp\/v2\/tags?post=512146"}],"curies":[{"name":"wp","href":"https:\/\/api.w.org\/{rel}","templated":true}]}}