{"id":512148,"date":"2025-11-04T22:42:16","date_gmt":"2025-11-04T22:42:16","guid":{"rendered":"https:\/\/www.europesays.com\/fr\/512148\/"},"modified":"2025-11-04T22:42:16","modified_gmt":"2025-11-04T22:42:16","slug":"madiot-relance-le-debat-sur-un-salary-cap-et-un-cadre-suisse","status":"publish","type":"post","link":"https:\/\/www.europesays.com\/fr\/512148\/","title":{"rendered":"Madiot relance le d\u00e9bat sur un salary cap et un cadre suisse"},"content":{"rendered":"<p>Lors d\u2019une intervention r\u00e9cente sur <strong><a href=\"https:\/\/rmcsport.bfmtv.com\/cyclisme\/privatisons-les-5-derniers-kilometres-de-l-alpe-d-huez-la-proposition-osee-de-pineau-pour-mieux-redistribuer-l-argent-dans-le-cyclisme_AV-202511040368.html\" target=\"_blank\" rel=\"noreferrer noopener\">RMC Sport<\/a><\/strong>, Marc Madiot a r\u00e9affirm\u00e9 sa position en faveur d\u2019une r\u00e9forme structurelle du cyclisme professionnel. Le manager de Groupama-FDJ s\u2019est dit favorable \u00e0 la mise en place d\u2019un <strong><a href=\"https:\/\/www.velo-club.net\/articles\/budget-cap-draft-indemnites-de-formation-quelles-solutions-face-aux-armadas\/\" target=\"_blank\" rel=\"noopener\">salary cap<\/a><\/strong> ou d\u2019un <strong>budget cap<\/strong>, deux outils visant \u00e0 limiter les \u00e9carts financiers entre \u00e9quipes.<\/p>\n<p>Selon Madiot, ces m\u00e9canismes permettraient de mieux contr\u00f4ler l\u2019inflation salariale au sein du WorldTour et d\u2019assurer une concurrence plus \u00e9quilibr\u00e9e entre formations. Il a \u00e9galement \u00e9voqu\u00e9 une piste suppl\u00e9mentaire : <strong>la standardisation du statut juridique des \u00e9quipes<\/strong>.<\/p>\n<p>\u00ab Pourquoi ne pas \u00e9voquer que toutes les \u00e9quipes soient bas\u00e9es en Suisse en termes juridiques pour avoir le m\u00eame co\u00fbt social ? \u00bb, a-t-il propos\u00e9.<br \/>Cette id\u00e9e viserait \u00e0 uniformiser les charges sociales des structures professionnelles, aujourd\u2019hui tr\u00e8s variables d\u2019un pays \u00e0 l\u2019autre. Dans l\u2019\u00e9tat actuel du syst\u00e8me, les \u00e9quipes op\u00e9rant dans des pays \u00e0 forte pression sociale supportent des co\u00fbts significativement plus \u00e9lev\u00e9s que celles install\u00e9es dans des juridictions plus l\u00e9g\u00e8res.<\/p>\n<p>L\u2019objectif \u00e9voqu\u00e9 serait de cr\u00e9er des <strong>conditions \u00e9conomiques homog\u00e8nes<\/strong>, facilitant la comparaison des budgets et r\u00e9duisant les diff\u00e9rences structurelles entre \u00e9quipes. L\u2019UCI n\u2019a pour l\u2019heure pas r\u00e9agi publiquement \u00e0 ces propositions.<\/p>\n","protected":false},"excerpt":{"rendered":"Lors d\u2019une intervention r\u00e9cente sur RMC Sport, Marc Madiot a r\u00e9affirm\u00e9 sa position en faveur d\u2019une r\u00e9forme structurelle&hellip;\n","protected":false},"author":2,"featured_media":512149,"comment_status":"","ping_status":"","sticky":false,"template":"","format":"standard","meta":{"footnotes":""},"categories":[1411],"tags":[2202,1154,207,1011,27,60],"class_list":{"0":"post-512148","1":"post","2":"type-post","3":"status-publish","4":"format-standard","5":"has-post-thumbnail","7":"category-cyclisme","8":"tag-a-decouvrir","9":"tag-cycling","10":"tag-cyclisme","11":"tag-fr","12":"tag-france","13":"tag-sports"},"share_on_mastodon":{"url":"https:\/\/pubeurope.com\/@fr\/115493846724060635","error":""},"_links":{"self":[{"href":"https:\/\/www.europesays.com\/fr\/wp-json\/wp\/v2\/posts\/512148","targetHints":{"allow":["GET"]}}],"collection":[{"href":"https:\/\/www.europesays.com\/fr\/wp-json\/wp\/v2\/posts"}],"about":[{"href":"https:\/\/www.europesays.com\/fr\/wp-json\/wp\/v2\/types\/post"}],"author":[{"embeddable":true,"href":"https:\/\/www.europesays.com\/fr\/wp-json\/wp\/v2\/users\/2"}],"replies":[{"embeddable":true,"href":"https:\/\/www.europesays.com\/fr\/wp-json\/wp\/v2\/comments?post=512148"}],"version-history":[{"count":0,"href":"https:\/\/www.europesays.com\/fr\/wp-json\/wp\/v2\/posts\/512148\/revisions"}],"wp:featuredmedia":[{"embeddable":true,"href":"https:\/\/www.europesays.com\/fr\/wp-json\/wp\/v2\/media\/512149"}],"wp:attachment":[{"href":"https:\/\/www.europesays.com\/fr\/wp-json\/wp\/v2\/media?parent=512148"}],"wp:term":[{"taxonomy":"category","embeddable":true,"href":"https:\/\/www.europesays.com\/fr\/wp-json\/wp\/v2\/categories?post=512148"},{"taxonomy":"post_tag","embeddable":true,"href":"https:\/\/www.europesays.com\/fr\/wp-json\/wp\/v2\/tags?post=512148"}],"curies":[{"name":"wp","href":"https:\/\/api.w.org\/{rel}","templated":true}]}}