{"id":51215,"date":"2025-04-25T07:38:09","date_gmt":"2025-04-25T07:38:09","guid":{"rendered":"https:\/\/www.europesays.com\/fr\/51215\/"},"modified":"2025-04-25T07:38:09","modified_gmt":"2025-04-25T07:38:09","slug":"des-negociations-economiques-cruciales-avec-trump-attendent-le-futur-premier-ministre-canadien-actualites","status":"publish","type":"post","link":"https:\/\/www.europesays.com\/fr\/51215\/","title":{"rendered":"Des n\u00e9gociations \u00e9conomiques cruciales avec Trump attendent le futur Premier ministre canadien : Actualit\u00e9s"},"content":{"rendered":"<p class=\"lead \">Le Premier ministre canadien Mark Carney, donn\u00e9 favori pour l&rsquo;\u00e9lection de lundi, ne cesse de r\u00e9p\u00e9ter que les Etats-Unis ne sont plus un partenaire fiable, mais les experts estiment que r\u00e9tablir le libre-\u00e9change avec Washington sera crucial pour celui qui remportera le scrutin.<\/p>\n<p class=\"lead \">Celui qui est d\u00e9sormais le chef du Parti lib\u00e9ral a promis tout au long de la campagne de se montrer ferme avec les \u00c9tats-Unis, en r\u00e9ponse \u00e0 la guerre commerciale lanc\u00e9e par Donald Trump et aux menaces d&rsquo;annexion. <\/p>\n<p class=\"lead \">Il a pour ambition \u00e9galement de renforcer les liens avec l&rsquo;Europe pour r\u00e9duire la d\u00e9pendance du Canada envers son voisin du sud.<\/p>\n<p class=\"lead \">Mais pour Steve Verheul, vice-ministre canadien du Commerce lors du premier mandat de Donald Trump, si la recherche de nouveaux march\u00e9s est un effort louable, elle n&rsquo;offre pas de \u00ab\u00a0solutions rapides\u00a0\u00bb aux d\u00e9fis actuels.<\/p>\n<p class=\"lead \">\u00ab\u00a0Le Canada a un probl\u00e8me de calendrier\u00a0\u00bb, estime-t-il. La tentative du pr\u00e9sident am\u00e9ricain d&rsquo;utiliser les droits de douane pour inciter les entreprises \u00e0 rapatrier leur production aux \u00c9tats-Unis \u00ab\u00a0va \u00e9chouer\u00a0\u00bb car cela prendrait \u00ab\u00a0trop de temps\u00a0\u00bb, a d\u00e9clar\u00e9 Steve Verheul lors d&rsquo;une conf\u00e9rence \u00e0 Toronto jeudi.<\/p>\n<p class=\"lead \">Selon lui, \u00ab\u00a0les \u00c9tats-Unis finiront par comprendre que l&rsquo;isolement n&rsquo;est pas la meilleure voie \u00e0 suivre et ils devront chercher \u00e0 nouveau des alli\u00e9s, et l&rsquo;Am\u00e9rique du Nord est la zone la plus s\u00fbre pour le faire\u00a0\u00bb.<\/p>\n<p class=\"lead \">\u00ab\u00a0Nous avons besoin d&rsquo;eux. Ils ont besoin de nous,\u00a0\u00bb conclut ce dernier, maintenant consultant dans le secteur priv\u00e9.<\/p>\n<p class=\"lead \">L&rsquo;ann\u00e9e derni\u00e8re, 76% des exportations canadiennes sont parties vers les \u00c9tats-Unis, et deux millions d&#8217;emplois d\u00e9pendent du secteur. <\/p>\n<p class=\"lead \">&#8211; Bons interlocuteurs &#8211;<\/p>\n<p class=\"lead \">Donald Trump et Mark Carney ont annonc\u00e9 qu&rsquo;Ottawa et Washington discuteraient des relations commerciales apr\u00e8s les l\u00e9gislatives canadiennes.<\/p>\n<p class=\"lead \">Depuis l&rsquo;annonce de l&rsquo;imposition des droits de douane, le Canada s&rsquo;est d\u00e9multipli\u00e9, envoyant \u00e0 plusieurs reprises des ministres \u00e0 Washington pour s&rsquo;entretenir avec des membres du Congr\u00e8s et du cabinet de Donald Trump.<\/p>\n<p class=\"lead \">Toutefois difficile de r\u00e9ellement mesurer l&rsquo;impact de ces efforts: le Canada a \u00e9t\u00e9 \u00e9pargn\u00e9 par certaines mesures mais les droits de douane sur l&rsquo;acier, l&rsquo;aluminium, les automobiles et certains autres produits font d\u00e9j\u00e0 souffrir l&rsquo;\u00e9conomie.<\/p>\n<p class=\"lead \">Gitane de Silva, ancienne diplomate canadienne sp\u00e9cialis\u00e9e dans les relations avec les \u00c9tats-Unis, estime que l&rsquo;un des probl\u00e8mes tient au fait que 100 jours apr\u00e8s le d\u00e9but du deuxi\u00e8me mandat du pr\u00e9sident r\u00e9publicain, les Canadiens ne savent pas encore qui sont les bons interlocuteurs \u00e0 Washington.<\/p>\n<p class=\"lead \">\u00ab\u00a0Dans la premi\u00e8re administration Trump, le titre n&rsquo;avait pas de lien avec l&rsquo;influence\u00a0\u00bb, a-t-elle dit, plaisantant sur le fait qu&rsquo;il fallait parfois discuter avec le compagnon de chasse aux canards du fils de Donald Trump plut\u00f4t qu&rsquo;avec un ministre.<\/p>\n<p class=\"lead \">Aujourd&rsquo;hui, \u00ab\u00a0il reste \u00e0 trouver qui sont les personnes qui ont le plus d&rsquo;influence, c&rsquo;est vraiment crucial\u00a0\u00bb, ajoute cette derni\u00e8re qui travaille maintenant dans le secteur priv\u00e9.<\/p>\n<p class=\"lead \">&#8211; \u00ab\u00a0Il perd la boule\u00a0\u00bb &#8211;<\/p>\n<p class=\"lead \">Pour Doug Ford, Premier ministre de l&rsquo;Ontario, la province la plus peupl\u00e9e du Canada, il faut \u00ab\u00a0continuer \u00e0 faire valoir \u00e0 tous les niveaux de l&rsquo;administration am\u00e9ricaine que nous sommes plus forts lorsque nous travaillons ensemble\u00a0\u00bb.<\/p>\n<p class=\"lead \">Ce dernier a \u00e9t\u00e9, ces derniers mois, l&rsquo;un des principaux \u00e9missaires canadiens dans la guerre commerciale.<\/p>\n<p class=\"lead \">Il a multipli\u00e9 les discussions avec le secr\u00e9taire am\u00e9ricain au Commerce, Howard Lutnick, pour tenter d&rsquo;assouplir les droits de douane qui p\u00e8sent sur les secteurs de l&rsquo;automobile et de l&rsquo;acier de sa province. Mais aussi les apparitions sur les cha\u00eenes de t\u00e9l\u00e9vision am\u00e9ricaines.<\/p>\n<p class=\"lead \">Il a expliqu\u00e9 jeudi que discuter avec les Etats-Unis aujourd&rsquo;hui repr\u00e9sente un vrai d\u00e9fi. <\/p>\n<p class=\"lead \">\u00ab\u00a0J&rsquo;ai contact\u00e9 un nombre incalculable de gouverneurs, de s\u00e9nateurs et de membres du Congr\u00e8s, r\u00e9publicains ou d\u00e9mocrates. Aucun d&rsquo;entre eux, \u00e0 huis clos, n&rsquo;est d&rsquo;accord pour dire qu&rsquo;attaquer ses alli\u00e9s les plus proches sera b\u00e9n\u00e9fique pour les Am\u00e9ricains.\u00a0\u00bb<\/p>\n<p class=\"lead \">Puis revenant sur le nouveau commentaire de Donald Trump mercredi sur l&rsquo;int\u00e9r\u00eat pour le Canada de devenir le 51e Etat am\u00e9ricain, Doug Ford n&rsquo;a pas m\u00e2ch\u00e9 ses mots.<\/p>\n<p class=\"lead \">\u00ab\u00a0Parfois, c&rsquo;est comme s&rsquo;il perdait la boule. Quand il se l\u00e8ve, m\u00eame son entourage ne sait pas ce qu&rsquo;il va faire.\u00a0\u00bb<\/p>\n<p class=\"small font-weight-bold text-gray3 \"> publi\u00e9 le 25 avril \u00e0 07h57, AFP<\/p>\n<p>                             Partager<\/p>\n","protected":false},"excerpt":{"rendered":"Le Premier ministre canadien Mark Carney, donn\u00e9 favori pour l&rsquo;\u00e9lection de lundi, ne cesse de r\u00e9p\u00e9ter que les&hellip;\n","protected":false},"author":2,"featured_media":51216,"comment_status":"","ping_status":"","sticky":false,"template":"","format":"standard","meta":{"footnotes":""},"categories":[5],"tags":[14427,11,574,1129,1011,27,1061,14,12,316,308,28],"class_list":{"0":"post-51215","1":"post","2":"type-post","3":"status-publish","4":"format-standard","5":"has-post-thumbnail","7":"category-international","8":"tag-nergie","9":"tag-actualites","10":"tag-canada","11":"tag-climat","12":"tag-fr","13":"tag-france","14":"tag-immigration","15":"tag-international","16":"tag-news","17":"tag-politique","18":"tag-usa","19":"tag-world"},"share_on_mastodon":{"url":"https:\/\/pubeurope.com\/@fr\/114397466086502035","error":""},"_links":{"self":[{"href":"https:\/\/www.europesays.com\/fr\/wp-json\/wp\/v2\/posts\/51215","targetHints":{"allow":["GET"]}}],"collection":[{"href":"https:\/\/www.europesays.com\/fr\/wp-json\/wp\/v2\/posts"}],"about":[{"href":"https:\/\/www.europesays.com\/fr\/wp-json\/wp\/v2\/types\/post"}],"author":[{"embeddable":true,"href":"https:\/\/www.europesays.com\/fr\/wp-json\/wp\/v2\/users\/2"}],"replies":[{"embeddable":true,"href":"https:\/\/www.europesays.com\/fr\/wp-json\/wp\/v2\/comments?post=51215"}],"version-history":[{"count":0,"href":"https:\/\/www.europesays.com\/fr\/wp-json\/wp\/v2\/posts\/51215\/revisions"}],"wp:featuredmedia":[{"embeddable":true,"href":"https:\/\/www.europesays.com\/fr\/wp-json\/wp\/v2\/media\/51216"}],"wp:attachment":[{"href":"https:\/\/www.europesays.com\/fr\/wp-json\/wp\/v2\/media?parent=51215"}],"wp:term":[{"taxonomy":"category","embeddable":true,"href":"https:\/\/www.europesays.com\/fr\/wp-json\/wp\/v2\/categories?post=51215"},{"taxonomy":"post_tag","embeddable":true,"href":"https:\/\/www.europesays.com\/fr\/wp-json\/wp\/v2\/tags?post=51215"}],"curies":[{"name":"wp","href":"https:\/\/api.w.org\/{rel}","templated":true}]}}