{"id":512165,"date":"2025-11-04T22:52:10","date_gmt":"2025-11-04T22:52:10","guid":{"rendered":"https:\/\/www.europesays.com\/fr\/512165\/"},"modified":"2025-11-04T22:52:10","modified_gmt":"2025-11-04T22:52:10","slug":"bon-ben-voila-je-suis-enceinte-lola-marois-la-compagne-de-jean-marie-bigard-ventre-bien-arrondi-sur-instagram","status":"publish","type":"post","link":"https:\/\/www.europesays.com\/fr\/512165\/","title":{"rendered":"\u00ab\u00a0Bon ben voil\u00e0, je suis enceinte\u00a0\u00bb : Lola Marois, la compagne de Jean-Marie Bigard, ventre bien arrondi sur Instagram"},"content":{"rendered":"<p>      R\u00e9sum\u00e9<\/p>\n<p>Lola Marois, compagne de Jean-Marie Bigard, a d\u00e9voil\u00e9 sur Instagram son personnage d\u2019Arianne dans \u00ab\u00a0Plus belle la vie\u00a0\u00bb enceinte, marquant un nouveau tournant dans la s\u00e9rie diffus\u00e9e sur TF1.<\/p>\n<p>        Sommaire<\/p>\n<p>La famille s\u2019agrandit dans <strong>\u00ab\u00a0Plus belle la vie\u00a0\u00bb.<\/strong> En effet, un personnage embl\u00e9matique de la s\u00e9rie d\u00e9sormais diffus\u00e9e sur TF1 <strong>attend un enfant \u00e0 40 ans<\/strong>. Il s\u2019agit d\u2019Arianne, la polici\u00e8re de 40 ans jou\u00e9e par Lola Marois, la <a href=\"https:\/\/www.public.fr\/jean-marie-bigard-sa-compagne-lola-marois-revele-etre-draguee-par-une-star-de-lequipe-de-france-de-football-sur-les-reseaux-sociaux\" target=\"_blank\" rel=\"noopener\">compagne de Jean-Marie Bigard<\/a>.<\/p>\n<p>Cette derni\u00e8re a confirm\u00e9 la nouvelle sur son compte Instagram ce mardi 4 novembre 2025 en postant une s\u00e9rie de clich\u00e9s en compagnie de David Ba\u00efot, le com\u00e9dien qui interpr\u00e8te Djawad, son compagnon dans la s\u00e9rie.\u00a0<\/p>\n<p>La compagne de Jean-Marie Bigard \u00ab\u00a0enceinte\u00a0\u00bb dans \u00ab\u00a0Plus belle la vie\u00a0\u00bb<\/p>\n<p>Une \u00ab\u00a0grossesse\u00a0\u00bb qu\u2019elle annon\u00e7ait dans les colonnes de <a href=\"https:\/\/www.purepeople.com\/article\/exclu-jai-des-projets-donc-cest-vrai-que-lola-marois-se-confie-sur-son-avenir-dans-plus-belle-la-vie-encore-plus-belle_a542005\/1\" target=\"_blank\" rel=\"noopener\">Purepeople<\/a> le 1er septembre dernier. Au cours de l\u2019entretien, elle faisait part de sa joie de ce tournant sc\u00e9naristique qu\u2019elle consid\u00e8re comme\u00a0\u00ab\u00a0un vrai destin de personnage\u00a0\u00bb. \u00ab\u00a0Mon personnage a 40 ans, elle <strong>d\u00e9couvre qu\u2019elle est enceinte de Djawad<\/strong>, alors qu\u2019elle est flic, qu\u2019elle donne tout pour son travail&#8230; Donc, pour elle, c\u2019est un peu une cata\u00a0\u00bb, indiquait-elle au m\u00e9dia.\u00a0<\/p>\n<p>D\u2019autant plus que jouer une femme enceinte rappelle de tr\u00e8s beaux souvenirs \u00e0 Lola Marois. \u00ab\u00a0Je suis une com\u00e9dienne qui me met compl\u00e8tement en immersion dans ce que je joue. Et quand on me donne quelque chose \u00e0 faire, je ne fais pas semblant\u00a0\u00bb, a-t-elle d\u00e9clar\u00e9 en faisant le parall\u00e8le avec sa propre maternit\u00e9.<\/p>\n<p>\u00ab\u00a0Parfois, je sors de sc\u00e8ne et je suis l\u00e0 en train de jouer la naus\u00e9e. Et je me dis, <strong>c\u2019est bon Lola, tu n\u2019es pas enceinte<\/strong>\u00ab\u00a0,\u00a0s\u2019amusait la com\u00e9dienne de <strong>\u00ab\u00a0Plus belle la vie\u00a0\u00bb<\/strong>, n\u00e9anmoins rassur\u00e9e en se rendant compte qu\u2019elle joue la com\u00e9die.\u00a0<\/p>\n<p>Lola Marois confirme la nouvelle sur Instagram<\/p>\n<p>Hormis cette r\u00e9v\u00e9lation dans les colonnes de Purepeople, Lola Marois n\u2019\u00e9tait pas encore apparue enceinte dans \u00ab\u00a0<strong>Plus belle la vie<\/strong>\u00ab\u00a0. Ou plut\u00f4t, avec un ventre bien arrondi. Il semblerait que la compagne de Jean-Marie Bigard viennent de tourner les \u00e9pisodes \u00e0 venir, dans lesquels sa grossesse se trouve \u00e0 un stade avanc\u00e9.<\/p>\n<p>En effet, comme \u00e9voqu\u00e9, la com\u00e9dienne vient de publier une s\u00e9rie de photos avec son partenaire de <strong>\u00ab\u00a0Plus belle la vie\u00a0\u00bb<\/strong>, David Ba\u00efot, pour <strong>afficher son faux ventre arrondi.\u00a0<\/strong><\/p>\n<p><strong>\u00ab\u00a0Bon ben voil\u00e0 \u2026. Je suis enceinte\u00a0\u00bb<\/strong>, s\u2019amuse-t-elle en l\u00e9gende avant de poursuivre et annoncer la bonne nouvelle \u00e0 tous les fans de la s\u00e9rie : \u00ab\u00a0<strong>L\u2019histoire se poursuit pour Ariane et Djawad<\/strong>. Merci pour tous les retours incroyables que nous avons sur notre histoire\u2026 Merci \u00e0 mon formidable partenaire David Ba\u00efot pour ces moments intense aussi dr\u00f4les qu\u2019intime et puissant. Et merci \u00e0 Plus belle la vie et TF1 de m\u2019offrir l\u2019opportunit\u00e9 de d\u00e9fendre de si belles choses\u00a0\u00bb.<\/p>\n<p>En esp\u00e9rant que la \u00ab\u00a0grossesse\u00a0\u00bb de Lola Marois, se d\u00e9roule bien au fil des \u00e9pisodes et que son personnage d\u2019Arianne puisse accueillir son enfant en bonne sant\u00e9 dans les prochains mois.\u00a0<\/p>\n<p>\n          Hits &amp; People en continu\n        <\/p>\n<p>\n          Public Radio\n        <\/p>\n<p>      Mentionn\u00e9s dans cet article<\/p>\n<p>      Sur le m\u00eame sujet<\/p>\n","protected":false},"excerpt":{"rendered":"R\u00e9sum\u00e9 Lola Marois, compagne de Jean-Marie Bigard, a d\u00e9voil\u00e9 sur Instagram son personnage d\u2019Arianne dans \u00ab\u00a0Plus belle la&hellip;\n","protected":false},"author":2,"featured_media":512166,"comment_status":"","ping_status":"","sticky":false,"template":"","format":"standard","meta":{"footnotes":""},"categories":[8],"tags":[58,59,1011,27,196,7870,7871,7872,1368,199],"class_list":{"0":"post-512165","1":"post","2":"type-post","3":"status-publish","4":"format-standard","5":"has-post-thumbnail","7":"category-divertissement","8":"tag-divertissement","9":"tag-entertainment","10":"tag-fr","11":"tag-france","12":"tag-grossesse","13":"tag-jean-marie-bigard","14":"tag-lola-marois","15":"tag-lola-marois-bigard","16":"tag-plus-belle-la-vie","17":"tag-tf1"},"share_on_mastodon":{"url":"https:\/\/pubeurope.com\/@fr\/115493886070220066","error":""},"_links":{"self":[{"href":"https:\/\/www.europesays.com\/fr\/wp-json\/wp\/v2\/posts\/512165","targetHints":{"allow":["GET"]}}],"collection":[{"href":"https:\/\/www.europesays.com\/fr\/wp-json\/wp\/v2\/posts"}],"about":[{"href":"https:\/\/www.europesays.com\/fr\/wp-json\/wp\/v2\/types\/post"}],"author":[{"embeddable":true,"href":"https:\/\/www.europesays.com\/fr\/wp-json\/wp\/v2\/users\/2"}],"replies":[{"embeddable":true,"href":"https:\/\/www.europesays.com\/fr\/wp-json\/wp\/v2\/comments?post=512165"}],"version-history":[{"count":0,"href":"https:\/\/www.europesays.com\/fr\/wp-json\/wp\/v2\/posts\/512165\/revisions"}],"wp:featuredmedia":[{"embeddable":true,"href":"https:\/\/www.europesays.com\/fr\/wp-json\/wp\/v2\/media\/512166"}],"wp:attachment":[{"href":"https:\/\/www.europesays.com\/fr\/wp-json\/wp\/v2\/media?parent=512165"}],"wp:term":[{"taxonomy":"category","embeddable":true,"href":"https:\/\/www.europesays.com\/fr\/wp-json\/wp\/v2\/categories?post=512165"},{"taxonomy":"post_tag","embeddable":true,"href":"https:\/\/www.europesays.com\/fr\/wp-json\/wp\/v2\/tags?post=512165"}],"curies":[{"name":"wp","href":"https:\/\/api.w.org\/{rel}","templated":true}]}}