{"id":512167,"date":"2025-11-04T22:53:16","date_gmt":"2025-11-04T22:53:16","guid":{"rendered":"https:\/\/www.europesays.com\/fr\/512167\/"},"modified":"2025-11-04T22:53:16","modified_gmt":"2025-11-04T22:53:16","slug":"lapple-watch-et-liphone-vont-perdre-une-fonction-en-europe-pour-la-premiere-fois-annonce-apple","status":"publish","type":"post","link":"https:\/\/www.europesays.com\/fr\/512167\/","title":{"rendered":"L&rsquo;Apple Watch et l&rsquo;iPhone vont perdre une fonction en Europe pour la premi\u00e8re fois, annonce Apple"},"content":{"rendered":"<p>Parall\u00e8lement \u00e0 l\u2019annonce de la fonction Traduction en direct des AirPods en Europe, Apple annonce qu\u2019il va d\u00e9sactiver la synchronisation des r\u00e9seaux Wi-Fi entre l\u2019iPhone et l\u2019Apple Watch pour contourner la r\u00e8glementation europ\u00e9enne. En l\u2019\u00e9tat, la Commission europ\u00e9enne souhaitait forcer \u00e0 Apple \u00e0 partager votre historique Wi-Fi avec des tiers, ce qu\u2019Apple refuse de faire. <\/p>\n<p>Apple alerte depuis plusieurs mois sur le fait qu\u2019il pourrait un jour, s\u2019il le juge n\u00e9cessaire, <a href=\"https:\/\/www.numerama.com\/tech\/1990099-apple-tire-la-sonnette-dalarme-liphone-est-menace-en-europe.html\" data-type=\"post\" data-id=\"1990099\" rel=\"nofollow noopener\" target=\"_blank\">d\u00e9sactiver des fonctions dans l\u2019Union europ\u00e9enne<\/a> pour \u00ab\u00a0prot\u00e9ger ses utilisateurs \u00bb. Ce jour pourrait arriver en d\u00e9cembre, avec la mise \u00e0 jour iOS 26.2. <\/p>\n<p>Le 4 novembre, Apple a annonc\u00e9 \u00e0 Numerama avoir pris la d\u00e9cision de d\u00e9sactiver la synchronisation du Wi-Fi entre un iPhone et une Apple Watch en Europe afin de ne pas avoir \u00e0 se conformer \u00e0 la demande de la Commission europ\u00e9enne, qui souhaite le forcer d\u2019ici fin 2025 \u00e0 ouvrir le Wi-Fi de l\u2019iPhone aux accessoires tiers. Cette annonce suit celle de <a href=\"https:\/\/www.numerama.com\/tech\/2109757-la-traduction-en-direct-arrive-sur-les-airpods-en-france-mais-apple-a-du-faire-un-sacrifice-en-europe.html\" data-type=\"post\" data-id=\"2109757\" rel=\"nofollow noopener\" target=\"_blank\">l\u2019ouverture de la fonction Traduction en direct des AirPods en Europe<\/a><strong>,<\/strong> avec une nouvelle API pour permettre aux concurrents d\u2019utiliser les micros et haut-parleurs des AirPods et iPhone simultan\u00e9ment, conform\u00e9ment \u00e0 ce qu\u2019exige la Commission europ\u00e9enne. <\/p>\n<p>L\u2019Europe veut qu\u2019Apple partage les informations du Wi-Fi avec des applications tierces : Apple pr\u00e9f\u00e8re tout d\u00e9sactiver<\/p>\n<p>Depuis plusieurs mois, Apple alerte sur le fait que la Commission europ\u00e9enne <a href=\"https:\/\/www.numerama.com\/politique\/2081599-apple-demande-a-leurope-de-revoir-le-dma-dans-un-communique-deja-historique.html\" rel=\"nofollow noopener\" target=\"_blank\">lui demande de partager l\u2019historique des connexions Wi-Fi avec des groupes tiers<\/a>. Une demande qu\u2019Apple juge irrecevable pour des raisons de s\u00e9curit\u00e9 : la marque explique <a href=\"https:\/\/www.numerama.com\/tech\/1850828-selon-apple-les-dernieres-demandes-de-leurope-vont-offrir-nos-donnees-privees-a-facebook.html\" rel=\"nofollow noopener\" target=\"_blank\">qu\u2019un concurrent comme Meta<\/a> pourrait se servir du lien Wi-Fi entre un iPhone et des lunettes Meta Ray-Ban pour conna\u00eetre votre historique Wi-Fi, et donc savoir o\u00f9 vous \u00e9tiez et \u00e0 quelle heure, afin de vous proposer des publicit\u00e9s cibl\u00e9es. <\/p>\n<p>Apple indique que la Commission europ\u00e9enne lui demande de r\u00e9pliquer le lien entre un iPhone et une Apple Watch, mais avec des produits tiers. Apple, apr\u00e8s avoir longuement r\u00e9fl\u00e9chi \u00e0 comment impl\u00e9menter cette fonction, a finalement d\u00e9cid\u00e9 de refuser la demande europ\u00e9enne. Puisque l\u2019Europe exige que les produits tiers soient trait\u00e9s comme l\u2019Apple Watch, alors Apple d\u00e9sactive la fonction sur Apple Watch. Cela lui permet d\u2019\u00eatre en conformit\u00e9 avec le DMA. C\u2019est la premi\u00e8re fois que la marque agit de la sorte : elle avait jusque-l\u00e0 accept\u00e9, <a href=\"https:\/\/www.numerama.com\/tech\/1979563-leurope-somme-apple-de-faire-evoluer-son-app-store-ses-regles-ne-sont-toujours-pas-respectees.html\" rel=\"nofollow noopener\" target=\"_blank\">parfois avec un peu de mauvaise foi<\/a>, les demandes europ\u00e9ennes. <\/p>\n<p><a href=\"https:\/\/www.numerama.com\/wp-content\/uploads\/2025\/09\/watch-ultra-3.jpg\" rel=\"nofollow noopener\" target=\"_blank\"><img decoding=\"async\" width=\"1024\" height=\"576\" loading=\"lazy\" alt=\"L'Apple Watch Ultra 3. \/\/ Source : Numerama\" title=\"L'Apple Watch Ultra 3. \/\/ Source : Numerama\" class=\"wp-image-2074951 placeholder-default wp-image\" src=\"https:\/\/www.europesays.com\/fr\/wp-content\/uploads\/2025\/11\/watch-ultra-3-1024x576.jpg\" \/><\/a>L\u2019Apple Watch Ultra 3 va perdre l\u2019acc\u00e8s aux r\u00e9seaux Wi-Fi de l\u2019iPhone. \/\/ Source : Numerama<\/p>\n<p>Pour les utilisateurs europ\u00e9ens, la perte semble minime. Aujourd\u2019hui, une Apple Watch utilise l\u2019iPhone pour conna\u00eetre les r\u00e9seaux Wi-Fi disponibles dans les alentours et se connecter automatiquement quand l\u2019iPhone n\u2019est pas \u00e0 proximit\u00e9. <\/p>\n<p>Demain, avec iOS 26.4 et watchOS 26.4, la synchronisation ne sera pas automatique. L\u2019Apple Watch devra se connecter manuellement, probablement avec un code. La plupart du temps, avec la Watch \u00e0 proximit\u00e9 de l\u2019iPhone, cela ne devrait pas poser de probl\u00e8me. <\/p>\n<p>Pour v\u00e9rifier qu\u2019un utilisateur est en Europe, Apple dit utiliser le m\u00eame syst\u00e8me de verrouillage qu\u2019avec iPhone Mirroring et d\u2019autres fonctions. La localisation est le premier facteur, le second est le compte App Store. Si un utilisateur est en Europe et utilise un compte rattach\u00e9 \u00e0 un pays europ\u00e9en, alors la fonction sera d\u00e9sactiv\u00e9e. Un pr\u00e9c\u00e9dent qui pourrait \u00eatre suivi par d\u2019autres d\u00e9sactivations dans l\u2019Union europ\u00e9enne : Apple indique que le DMA, qui le force \u00e0 proposer des API tierces d\u00e8s le lancement de ses propres nouveaut\u00e9s, rend le lancement de nouvelles fonctionnalit\u00e9s tr\u00e8s difficile dans l\u2019Union europ\u00e9enne. <\/p>\n<\/p>\n<p>            Ce contenu est bloqu\u00e9 car vous n\u2019avez pas accept\u00e9 les cookies et autres traceurs. Ce contenu est fourni par YouTube.<br \/>Pour pouvoir le visualiser, vous devez accepter l\u2019usage \u00e9tant op\u00e9r\u00e9 par YouTube avec vos donn\u00e9es qui pourront \u00eatre utilis\u00e9es pour les finalit\u00e9s suivantes : vous permettre de visualiser et de partager des contenus avec des m\u00e9dias sociaux, favoriser le d\u00e9veloppement et l\u2019am\u00e9lioration des produits d\u2019Humanoid et de ses partenaires, vous afficher des publicit\u00e9s personnalis\u00e9es par rapport \u00e0 votre profil et activit\u00e9, vous d\u00e9finir un profil publicitaire personnalis\u00e9, mesurer la performance des publicit\u00e9s et du contenu de ce site et mesurer l\u2019audience de ce site <a href=\"#\" class=\"js-privacy\" target=\"_blank\">(en savoir plus)<\/a>        <\/p>\n<p>            En cliquant sur \u00ab J\u2019accepte tout \u00bb, vous consentez aux finalit\u00e9s susmentionn\u00e9es pour l\u2019ensemble des cookies et autres traceurs d\u00e9pos\u00e9s par Humanoid et <a class=\"embed-consent-overlay-vendors-link\" href=\"#preferences-vendeurs\">ses partenaires<\/a>.        <\/p>\n<p>            Vous gardez la possibilit\u00e9 de retirer votre consentement \u00e0 tout moment. Pour plus d\u2019informations, nous vous invitons \u00e0 prendre connaissance de notre <a href=\"https:\/\/www.numerama.com\/politique-cookies\" rel=\"nofollow noopener\" target=\"_blank\">Politique cookies<\/a>.        <\/p>\n<p>        J\u2019accepte tout    <\/p>\n<p class=\"embed-consent-overlay-manage-choices\">        <a href=\"#preferences-publicitaires\">G\u00e9rer mes choix<\/a>    <\/p>\n<p>            <img decoding=\"async\" src=\"https:\/\/www.europesays.com\/fr\/wp-content\/uploads\/2025\/04\/iPhone-16-pro.png\" alt=\"Toute l'actu tech en un clien d'oeil\"\/><\/p>\n<p class=\"card-install-pwa__title\">Toute l&rsquo;actu tech en un clin d&rsquo;\u0153il<\/p>\n<p class=\"card-install-pwa__description\">Ajoutez Numerama \u00e0 votre \u00e9cran d&rsquo;accueil et restez connect\u00e9s au futur !<\/p>\n<p>            <img decoding=\"async\" src=\"https:\/\/www.numerama.com\/wp-content\/themes\/numerama-next\/assets\/images\/premium\/logo-card-pwa-coupe.svg\" alt=\"Logo PWA\"\/><\/p>\n<p>       Installer Numerama<\/p>\n","protected":false},"excerpt":{"rendered":"Parall\u00e8lement \u00e0 l\u2019annonce de la fonction Traduction en direct des AirPods en Europe, Apple annonce qu\u2019il va d\u00e9sactiver&hellip;\n","protected":false},"author":2,"featured_media":512168,"comment_status":"","ping_status":"","sticky":false,"template":"","format":"standard","meta":{"footnotes":""},"categories":[7],"tags":[733,38934,270,4122,674,1011,27,28923,4454,43,40,41,39,42,44],"class_list":{"0":"post-512167","1":"post","2":"type-post","3":"status-publish","4":"format-standard","5":"has-post-thumbnail","7":"category-sciences-et-technologies","8":"tag-apple","9":"tag-apple-watch","10":"tag-breaking","11":"tag-digital-markets-act-dma","12":"tag-europe","13":"tag-fr","14":"tag-france","15":"tag-ios-26","16":"tag-numerama-plus","17":"tag-science","18":"tag-science-and-technology","19":"tag-sciences","20":"tag-sciences-et-technologies","21":"tag-technologies","22":"tag-technology"},"share_on_mastodon":{"url":"https:\/\/pubeurope.com\/@fr\/115493890562005894","error":""},"_links":{"self":[{"href":"https:\/\/www.europesays.com\/fr\/wp-json\/wp\/v2\/posts\/512167","targetHints":{"allow":["GET"]}}],"collection":[{"href":"https:\/\/www.europesays.com\/fr\/wp-json\/wp\/v2\/posts"}],"about":[{"href":"https:\/\/www.europesays.com\/fr\/wp-json\/wp\/v2\/types\/post"}],"author":[{"embeddable":true,"href":"https:\/\/www.europesays.com\/fr\/wp-json\/wp\/v2\/users\/2"}],"replies":[{"embeddable":true,"href":"https:\/\/www.europesays.com\/fr\/wp-json\/wp\/v2\/comments?post=512167"}],"version-history":[{"count":0,"href":"https:\/\/www.europesays.com\/fr\/wp-json\/wp\/v2\/posts\/512167\/revisions"}],"wp:featuredmedia":[{"embeddable":true,"href":"https:\/\/www.europesays.com\/fr\/wp-json\/wp\/v2\/media\/512168"}],"wp:attachment":[{"href":"https:\/\/www.europesays.com\/fr\/wp-json\/wp\/v2\/media?parent=512167"}],"wp:term":[{"taxonomy":"category","embeddable":true,"href":"https:\/\/www.europesays.com\/fr\/wp-json\/wp\/v2\/categories?post=512167"},{"taxonomy":"post_tag","embeddable":true,"href":"https:\/\/www.europesays.com\/fr\/wp-json\/wp\/v2\/tags?post=512167"}],"curies":[{"name":"wp","href":"https:\/\/api.w.org\/{rel}","templated":true}]}}