{"id":512169,"date":"2025-11-04T22:54:15","date_gmt":"2025-11-04T22:54:15","guid":{"rendered":"https:\/\/www.europesays.com\/fr\/512169\/"},"modified":"2025-11-04T22:54:15","modified_gmt":"2025-11-04T22:54:15","slug":"lautomobile-le-crash-test-de-bruxelles","status":"publish","type":"post","link":"https:\/\/www.europesays.com\/fr\/512169\/","title":{"rendered":"\u00abL\u2019automobile, le crash-test de Bruxelles\u00bb"},"content":{"rendered":"<p>\n    <strong>CHRONIQUE &#8211;<\/strong> La r\u00e9vision des r\u00e8gles sur l\u2019\u00e9lectrification dira si le logiciel de la Commission a bel et bien chang\u00e9.<\/p>\n<p class=\"fig-paragraph\">Derniers r\u00e9glages. Dans quelques semaines, la Commission europ\u00e9enne mettra sur la table son projet de r\u00e9vision des textes qui encadrent le secteur automobile en Europe. Un moment tr\u00e8s, tr\u00e8s attendu. \u00c0 double titre. Il s\u2019agit d\u2019une part de red\u00e9finir les r\u00e8gles du jeu d\u2019une industrie qui p\u00e8se 7\u00a0% du PIB de l\u2019Union europ\u00e9enne et traverse<a href=\"http:\/\/www.lefigaro.fr\/societes\/la-tendance-c-est-celle-des-plans-de-licenciement-et-des-fermetures-a-bas-bruit-les-fournisseurs-francais-des-geants-de-l-automobile-frappes-de-plein-fouet-par-la-crise-20251102\" data-fig-type=\"Article\" data-gtm-custom-categorie=\"navigation\" data-gtm-custom-action=\"crossclick\" data-gtm-custom-label=\"Contextuel\" data-gtm-event=\"customEventSPE\" data-fig-domain=\"LEFIGARO\" target=\"_blank\" rel=\"noopener\">\u00a0une crise existentielle<\/a>. Et d\u2019autre part, d\u2019apporter, ou non, la preuve que l\u2019Europe a bel et bien chang\u00e9 dans son approche de la norme. Le cas de l\u2019automobile r\u00e9v\u00e9lera si, \u00e0 Bruxelles, les promesses de simplification, d\u2019agenda de comp\u00e9titivit\u00e9 et de pratique du rapport de force \u00e0 l\u2019\u00e9gard des autres puissances,\u00a0<a href=\"http:\/\/www.lefigaro.fr\/societes\/chine-inde-pays-a-meilleurs-couts-les-constructeurs-automobiles-poussent-plus-que-jamais-leurs-fournisseurs-a-delocaliser-20250605\" data-fig-type=\"Article\" data-gtm-custom-categorie=\"navigation\" data-gtm-custom-action=\"crossclick\" data-gtm-custom-label=\"Contextuel\" data-gtm-event=\"customEventSPE\" data-fig-domain=\"LEFIGARO\" target=\"_blank\" rel=\"noopener\">tout particuli\u00e8rement la Chine<\/a>, ne sont pas des paroles en l\u2019air. Il est plus que temps.<\/p>\n<p class=\"fig-paragraph\">Deux questions sont au c\u0153ur du d\u00e9bat. La premi\u00e8re porte sur\u00a0<a href=\"http:\/\/www.lefigaro.fr\/societes\/interdiction-des-moteurs-thermiques-en-2035-les-divergences-entre-la-france-et-l-allemagne-inquietent-les-constructeurs-automobiles-20251022\" data-fig-type=\"Article\" data-gtm-custom-categorie=\"navigation\" data-gtm-custom-action=\"crossclick\" data-gtm-custom-label=\"Contextuel\" data-gtm-event=\"customEventSPE\" data-fig-domain=\"LEFIGARO\" target=\"_blank\" rel=\"noopener\">la fameuse \u00e9ch\u00e9ance de 2035<\/a>, date \u00e0 laquelle sont cens\u00e9es \u00eatre interdites les ventes de voitures neuves thermiques en Europe. La seconde, ce sont les jalons qui balisent le chemin d\u2019ici l\u00e0, avec des amendes\u2026<\/p>\n<p class=\"fig-premium-paywall__infos\">\n        Cet article est r\u00e9serv\u00e9 aux abonn\u00e9s.        Il vous reste 86% \u00e0 d\u00e9couvrir.\n    <\/p>\n<p>                <img  data- alt=\"Le Figaro\" class=\"fig-img--complete fig-img\"\/><\/p>\n<p class=\"fig-premium-paywall__title\">Vous avez envie de lire la suite ?<\/p>\n<p class=\"fig-premium-paywall__subtitle\">D\u00e9bloquez tous les articles imm\u00e9diatement.<\/p>\n<p class=\"fig-premium-paywall__connect\">\n                D\u00e9j\u00e0 abonn\u00e9\u00a0?                <a class=\"fig-premium-paywall__connect-link\" href=\"https:\/\/connect.lefigaro.fr\/login?client=horizon_web&amp;type=main&amp;redirect_uri=https%3A%2F%2Fwww.lefigaro.fr%2Fvox%2Feconomie%2Fbertille-bayart-l-automobile-le-crash-test-de-bruxelles-20251104\" data-js-gtm=\"{&quot;customCategorie&quot;: &quot;conversion&quot;, &quot;customAction&quot;: &quot;before_Landing_Connexion_paywall_auto&quot;, &quot;customLabel&quot;: &quot;bGVmaWdhcm8uZnJfXzFmMGI4ZDMxLWJlZjYtNjM3Mi04Y2VjLTU1Yjk3NTBjZWE2YV9fQXJ0aWNsZQ==_Bertille Bayart\u00a0: \u00abL\u2019automobile, le crash-test de Bruxelles\u00bb_262&quot;, &quot;customIDSPE&quot;: &quot;bGVmaWdhcm8uZnJfXzFmMGI4ZDMxLWJlZjYtNjM3Mi04Y2VjLTU1Yjk3NTBjZWE2YV9fQXJ0aWNsZQ==&quot;, &quot;event&quot;: &quot;customEventSPE&quot;}\" target=\"_blank\" rel=\"noopener\"><br \/>\n                    Connectez-vous<br \/>\n                <\/a>\n            <\/p>\n","protected":false},"excerpt":{"rendered":"CHRONIQUE &#8211; La r\u00e9vision des r\u00e8gles sur l\u2019\u00e9lectrification dira si le logiciel de la Commission a bel et&hellip;\n","protected":false},"author":2,"featured_media":512170,"comment_status":"","ping_status":"","sticky":false,"template":"","format":"standard","meta":{"footnotes":""},"categories":[6],"tags":[646,35,2196,33,34,1011,27,2544,321],"class_list":{"0":"post-512169","1":"post","2":"type-post","3":"status-publish","4":"format-standard","5":"has-post-thumbnail","7":"category-economie","8":"tag-automobile","9":"tag-business","10":"tag-commission-europeenne","11":"tag-economie","12":"tag-economy","13":"tag-fr","14":"tag-france","15":"tag-ursula-von-der-leyen","16":"tag-voiture-electrique"},"share_on_mastodon":{"url":"https:\/\/pubeurope.com\/@fr\/115493893810421955","error":""},"_links":{"self":[{"href":"https:\/\/www.europesays.com\/fr\/wp-json\/wp\/v2\/posts\/512169","targetHints":{"allow":["GET"]}}],"collection":[{"href":"https:\/\/www.europesays.com\/fr\/wp-json\/wp\/v2\/posts"}],"about":[{"href":"https:\/\/www.europesays.com\/fr\/wp-json\/wp\/v2\/types\/post"}],"author":[{"embeddable":true,"href":"https:\/\/www.europesays.com\/fr\/wp-json\/wp\/v2\/users\/2"}],"replies":[{"embeddable":true,"href":"https:\/\/www.europesays.com\/fr\/wp-json\/wp\/v2\/comments?post=512169"}],"version-history":[{"count":0,"href":"https:\/\/www.europesays.com\/fr\/wp-json\/wp\/v2\/posts\/512169\/revisions"}],"wp:featuredmedia":[{"embeddable":true,"href":"https:\/\/www.europesays.com\/fr\/wp-json\/wp\/v2\/media\/512170"}],"wp:attachment":[{"href":"https:\/\/www.europesays.com\/fr\/wp-json\/wp\/v2\/media?parent=512169"}],"wp:term":[{"taxonomy":"category","embeddable":true,"href":"https:\/\/www.europesays.com\/fr\/wp-json\/wp\/v2\/categories?post=512169"},{"taxonomy":"post_tag","embeddable":true,"href":"https:\/\/www.europesays.com\/fr\/wp-json\/wp\/v2\/tags?post=512169"}],"curies":[{"name":"wp","href":"https:\/\/api.w.org\/{rel}","templated":true}]}}