{"id":51217,"date":"2025-04-25T07:39:09","date_gmt":"2025-04-25T07:39:09","guid":{"rendered":"https:\/\/www.europesays.com\/fr\/51217\/"},"modified":"2025-04-25T07:39:09","modified_gmt":"2025-04-25T07:39:09","slug":"la-fille-de-francois-bayrou-met-a-mal-la-defense-du-premier-ministre","status":"publish","type":"post","link":"https:\/\/www.europesays.com\/fr\/51217\/","title":{"rendered":"la fille de Fran\u00e7ois Bayrou met \u00e0 mal la d\u00e9fense du Premier ministre"},"content":{"rendered":"<p>        <img decoding=\"async\" loading=\"lazy\" src=\"https:\/\/www.europesays.com\/fr\/wp-content\/uploads\/2025\/04\/307f053_sirius-fs-upload-1-6hqdf5iigbmv-1745562578821-screenshot-2025-04-25-08-29-20.png\"  width=\"728\" height=\"409\" alt=\"H\u00e9l\u00e8ne Perlant, la fille de Fran\u00e7ois Bayrou, a mis \u00e0 mal la d\u00e9fense de son p\u00e8re dans l\u2019affaire B\u00e9tharram, au micro de Mediapart. (photo d\u2019illustration)\"\/>  <\/p>\n<p>Capture d\u2019\u00e9cran Mediapart<\/p>\n<p>H\u00e9l\u00e8ne Perlant, la fille de Fran\u00e7ois Bayrou, a mis \u00e0 mal la d\u00e9fense de son p\u00e8re dans l\u2019affaire B\u00e9tharram, au micro de Mediapart. (photo d\u2019illustration)<\/p>\n<p class=\"asset asset-text\">POLITIQUE &#8211; C\u2019est un des arguments principaux de la d\u00e9fense de <a href=\"https:\/\/www.huffingtonpost.fr\/politique\/article\/la-fille-de-francois-bayrou-temoigne-des-violences-subies-a-betharram-entre-passage-a-tabac-et-deni_249113.html\" target=\"_blank\" rel=\"noopener\" title=\"Nouvelle fen\u00eatre\">Fran\u00e7ois Bayrou<\/a> dans l\u2019affaire B\u00e9tharram. Le Premier ministre a toujours dit qu\u2019il n\u2019est \u00ab\u00a0jamais\u00a0\u00bb intervenu, \u00ab\u00a0ni de pr\u00e8s ni de loin\u00a0\u00bb aupr\u00e8s de la justice dans ce scandale qui vise un \u00e9tablissement catholique o\u00f9 \u00e9taient scolaris\u00e9s ses enfants, dont <a href=\"https:\/\/www.huffingtonpost.fr\/politique\/article\/affaire-betharram-la-fille-de-francois-bayrou-revient-sur-ses-revelations_249179.html\" target=\"_blank\" rel=\"noopener\" title=\"Nouvelle fen\u00eatre\">sa fille H\u00e9l\u00e8ne Perlant<\/a>. Mais cette derni\u00e8re a s\u00e9rieusement mis \u00e0 mal la d\u00e9fense de son p\u00e8re au micro de <a href=\"https:\/\/www.mediapart.fr\/journal\/france\/230425\/violences-l-education-nationale-n-aucun-pouvoir-sur-les-etablissements-prives\" target=\"_blank\" rel=\"noopener\" title=\"Nouvelle fen\u00eatre\">Mediapart<\/a> le jeudi 24\u00a0avril.<\/p>\n<p class=\"asset asset-text\">D\u2019apr\u00e8s elle, Fran\u00e7ois Bayrou s\u2019est bel et bien rendu chez le juge Christian Mirande en 1998\u00a0pour parler avec lui de l\u2019enqu\u00eate sur le p\u00e8re Carricart, ex-directeur de B\u00e9tharram qui \u00e9tait mis en examen pour viol. Un t\u00e9moignage <strong>que vous pouvez voir dans la vid\u00e9o ci-dessous<\/strong> et qui contredit celui du Premier ministre, qui avait simplement fait \u00e9tat d\u2019une discussion br\u00e8ve lors d\u2019une rencontre fortuite.<\/p>\n<p class=\"asset asset-text\">\u00ab\u00a0Je pense qu\u2019il ne s\u2019en souvient pas, mais je suis l\u00e0 le soir o\u00f9 il rentre de chez le juge Mirande\u00a0\u00bb, a affirm\u00e9 H\u00e9l\u00e8ne Perlant sur le plateau de Mediapart. \u00ab\u00a0Il me dit\u00a0: \u201cNe le r\u00e9p\u00e8te surtout pas, j\u2019ai jur\u00e9 d\u2019\u00eatre dans le secret de l\u2019instruction\u201d\u00a0\u00bb, poursuit la fille de Fran\u00e7ois Bayrou, confiant que son p\u00e8re lui a demand\u00e9 si elle croyait \u00ab\u00a0possible\u00a0\u00bb que les accusations contre le p\u00e8re Carricart soient vraies.<\/p>\n<p> La lecture de ce contenu est susceptible d\u2019entra\u00eener un d\u00e9p\u00f4t de cookies de la part de l\u2019op\u00e9rateur tiers qui l\u2019h\u00e9berge. Compte-tenu des choix que vous avez exprim\u00e9s en mati\u00e8re de d\u00e9p\u00f4t de cookies, nous avons bloqu\u00e9 l\u2019affichage de ce contenu. Si vous souhaitez y acc\u00e9der, vous devez accepter la cat\u00e9gorie de cookies \u201cContenus tiers\u201d en cliquant sur le bouton ci-dessous. <\/p>\n<p> Lire la Vid\u00e9o        <\/p>\n<p class=\"asset asset-text\">Ce r\u00e9cit confirme une partie du t\u00e9moignage de Christian Mirande, qui avait affirm\u00e9 en avril dernier devant une commission d\u2019enqu\u00eate parlementaire sur la pr\u00e9vention des violences dans les \u00e9tablissements scolaires que Fran\u00e7ois Bayrou \u00e9tait \u00ab\u00a0venu [le] voir\u00a0\u00bb et \u00ab\u00a0cherchait \u00e0 se renseigner sur les faits en cours\u00a0\u00bb. \u00ab\u00a0Il exprimait alors une vive inqui\u00e9tude, notamment au sujet de son fils qui \u00e9tait \u00e9l\u00e8ve \u00e0 B\u00e9tharram\u00a0\u00bb, a poursuivi le juge, qui a indiqu\u00e9 qu\u2019une de ses filles \u00e9tait pr\u00e9sente ce jour-l\u00e0.<\/p>\n<p>                     Un possible viol du secret de l\u2019instruction    <\/p>\n<p class=\"asset asset-text\">Les propos d\u2019H\u00e9l\u00e8ne Perlant pourraient cependant mettre en difficult\u00e9 Christian Mirande, ce dernier ayant assur\u00e9 que ses \u00e9changes avec Fran\u00e7ois Bayrou n\u2019avaient port\u00e9 \u00ab\u00a0que sur des \u00e9l\u00e9ments relevant strictement de ce qui avait \u00e9t\u00e9 rendu public\u00a0\u00bb pour \u00ab\u00a0ne pas compromettre le secret de l\u2019instruction\u00a0\u00bb. Une affirmation contredite par la fille du Premier ministre, qui assure que son p\u00e8re a dit \u00ab\u00a0avoir jur\u00e9 au juge Mirande de ne pas trahir le secret de l\u2019instruction\u00a0\u00bb et \u00ab\u00a0le fait\u00a0\u00bb que le magistrat \u00ab\u00a0avait parl\u00e9\u00a0\u00bb. H\u00e9l\u00e8ne Perlant a ajout\u00e9 avoir conscience qu\u2019elle \u00ab\u00a0met le feu au juge Mirande\u00a0\u00bb par ses propos.<\/p>\n<p class=\"asset asset-text\">Ces r\u00e9v\u00e9lations ont suscit\u00e9 l\u2019indignation de Paul Vannier, d\u00e9put\u00e9 LFI et co-rapporteur de la commission sur les violences \u00e0 l\u2019\u00e9cole. \u00ab\u00a0Quelle est la valeur de la parole du Premier ministre\u00a0?\u00a0\u00bb, a-t-il demand\u00e9 sur les r\u00e9seaux sociaux, estimant que \u00ab\u00a0comme celles d\u2019autres victimes, les d\u00e9clarations d\u2019H\u00e9l\u00e8ne Perlant contredisent les propos de Fran\u00e7ois Bayrou\u00a0\u00bb, qui \u00ab\u00a0est bien all\u00e9 voir le juge Mirande, avec la conscience d\u2019enfreindre le secret de l\u2019instruction\u00a0\u00bb. Des accusations reprises ce vendredi matin par le chef des Insoumis Manuel Bompard\u00a0: \u00ab\u00a0C\u2019est au bout de combien de mensonges qu\u2019un Premier ministre d\u00e9missionne\u00a0?\u00a0\u00bb, a-t-il \u00e9crit sur X.<\/p>\n<p class=\"asset asset-text\">La fille de Fran\u00e7ois Bayrou a par ailleurs r\u00e9affirm\u00e9 au micro de Mediapart que son p\u00e8re n\u2019a \u00ab\u00a0jamais voulu couvrir\u00a0\u00bb le scandale autour de l\u2019\u00e9tablissement catholique. Plus t\u00f4t sur France Inter, H\u00e9l\u00e8ne Perlant avait assur\u00e9 que son p\u00e8re \u00ab\u00a0ne savait pas\u00a0\u00bb jusqu\u2019\u00e0 cette semaine qu\u2019elle faisait partie des victimes. \u00ab\u00a0Lui, comme les autres [parents], ne pouvait pas comprendre parce que \u00e7a fonctionne comme \u00e7a, avait-elle insist\u00e9, on a tout sous les yeux [\u2026] sauf qu\u2019on l\u2019a tellement sous les yeux qu\u2019on ne voit rien\u00a0\u00bb.<\/p>\n<p class=\"asset asset-text\"><strong>\u00c0 voir \u00e9galement sur Le HuffPost\u00a0:<\/strong><\/p>\n<p> La lecture de ce contenu est susceptible d\u2019entra\u00eener un d\u00e9p\u00f4t de cookies de la part de l\u2019op\u00e9rateur tiers qui l\u2019h\u00e9berge. Compte-tenu des choix que vous avez exprim\u00e9s en mati\u00e8re de d\u00e9p\u00f4t de cookies, nous avons bloqu\u00e9 l\u2019affichage de ce contenu. Si vous souhaitez y acc\u00e9der, vous devez accepter la cat\u00e9gorie de cookies \u201cContenus tiers\u201d en cliquant sur le bouton ci-dessous. <\/p>\n<p> Lire la Vid\u00e9o                <\/p>\n","protected":false},"excerpt":{"rendered":"Capture d\u2019\u00e9cran Mediapart H\u00e9l\u00e8ne Perlant, la fille de Fran\u00e7ois Bayrou, a mis \u00e0 mal la d\u00e9fense de son&hellip;\n","protected":false},"author":2,"featured_media":51218,"comment_status":"","ping_status":"","sticky":false,"template":"","format":"standard","meta":{"footnotes":""},"categories":[4],"tags":[11,7765,1011,27,431,303,12,316,25],"class_list":{"0":"post-51217","1":"post","2":"type-post","3":"status-publish","4":"format-standard","5":"has-post-thumbnail","7":"category-france","8":"tag-actualites","9":"tag-affaire-betharram","10":"tag-fr","11":"tag-france","12":"tag-francois-bayrou","13":"tag-justice","14":"tag-news","15":"tag-politique","16":"tag-republique-francaise"},"share_on_mastodon":{"url":"https:\/\/pubeurope.com\/@fr\/114397470098280866","error":""},"_links":{"self":[{"href":"https:\/\/www.europesays.com\/fr\/wp-json\/wp\/v2\/posts\/51217","targetHints":{"allow":["GET"]}}],"collection":[{"href":"https:\/\/www.europesays.com\/fr\/wp-json\/wp\/v2\/posts"}],"about":[{"href":"https:\/\/www.europesays.com\/fr\/wp-json\/wp\/v2\/types\/post"}],"author":[{"embeddable":true,"href":"https:\/\/www.europesays.com\/fr\/wp-json\/wp\/v2\/users\/2"}],"replies":[{"embeddable":true,"href":"https:\/\/www.europesays.com\/fr\/wp-json\/wp\/v2\/comments?post=51217"}],"version-history":[{"count":0,"href":"https:\/\/www.europesays.com\/fr\/wp-json\/wp\/v2\/posts\/51217\/revisions"}],"wp:featuredmedia":[{"embeddable":true,"href":"https:\/\/www.europesays.com\/fr\/wp-json\/wp\/v2\/media\/51218"}],"wp:attachment":[{"href":"https:\/\/www.europesays.com\/fr\/wp-json\/wp\/v2\/media?parent=51217"}],"wp:term":[{"taxonomy":"category","embeddable":true,"href":"https:\/\/www.europesays.com\/fr\/wp-json\/wp\/v2\/categories?post=51217"},{"taxonomy":"post_tag","embeddable":true,"href":"https:\/\/www.europesays.com\/fr\/wp-json\/wp\/v2\/tags?post=51217"}],"curies":[{"name":"wp","href":"https:\/\/api.w.org\/{rel}","templated":true}]}}