{"id":512171,"date":"2025-11-04T22:55:11","date_gmt":"2025-11-04T22:55:11","guid":{"rendered":"https:\/\/www.europesays.com\/fr\/512171\/"},"modified":"2025-11-04T22:55:11","modified_gmt":"2025-11-04T22:55:11","slug":"a-munich-la-vague-des-surfeurs-a-disparu","status":"publish","type":"post","link":"https:\/\/www.europesays.com\/fr\/512171\/","title":{"rendered":"\u00e0 Munich, la vague des surfeurs a disparu"},"content":{"rendered":"<p>\n    La vague de l\u2019Eisbach, qui permet de surfer en pleine ville, ne s\u2019est pas reconstitu\u00e9e apr\u00e8s des travaux dans cette rivi\u00e8re artificielle.<\/p>\n<p class=\"fig-paragraph\">Connue des surfeurs du monde entier, la\u00a0<a href=\"http:\/\/www.lefigaro.fr\/voyages\/guides\/une-vague-en-plein-centre-ville-c-est-quelque-chose-de-tres-special-si-vous-aimez-le-surf-le-spot-parfait-est-a-munich-20250719\" data-fig-type=\"NewsFlash\" data-gtm-custom-categorie=\"navigation\" data-gtm-custom-action=\"crossclick\" data-gtm-custom-label=\"Contextuel\" data-gtm-event=\"customEventSPE\" data-fig-domain=\"LEFIGARO\" rel=\"nofollow noopener\" target=\"_blank\">vague de l&rsquo;Eisbach<\/a>, situ\u00e9e en plein\u00a0<a href=\"http:\/\/www.lefigaro.fr\/voyages\/inspiration\/surf-et-dolce-vita-a-munich-la-capitale-de-la-baviere-cultive-son-image-meridoniale-20250731\" data-fig-type=\"Article\" data-gtm-custom-categorie=\"navigation\" data-gtm-custom-action=\"crossclick\" data-gtm-custom-label=\"Contextuel\" data-gtm-event=\"customEventSPE\" data-fig-domain=\"LEFIGARO\" rel=\"nofollow noopener\" target=\"_blank\">Munich<\/a>, a disparu apr\u00e8s des op\u00e9rations de nettoyage de la rivi\u00e8re, ont indiqu\u00e9 mardi les autorit\u00e9s de la capitale de Bavi\u00e8re, promettant de tout faire pour la restaurer.<\/p>\n<p class=\"fig-paragraph\">\u00abLa municipalit\u00e9 travaille avec le service des eaux et les surfeurs pour trouver une solution rapide afin que la c\u00e9l\u00e8bre vague de surf soit bient\u00f4t \u00e0 nouveau disponible comme d&rsquo;habitude\u00bb, a d\u00e9clar\u00e9 le maire de Munich, Dieter Reiter, dans un communiqu\u00e9. Apr\u00e8s de r\u00e9cents travaux pour d\u00e9barrasser le lit de la rivi\u00e8re artificielle de l&rsquo;Eisbach de d\u00e9tritus et de s\u00e9diments, la vague ne s&rsquo;est pas reconstitu\u00e9e vendredi.<\/p>\n<p>                                    <a class=\"fig-a11y-skip a11y-hidden\" href=\"#fig-a11y-skip-main-inarticle\"><br \/>\n        Passer la publicit\u00e9<br \/>\n    <\/a><\/p>\n<p class=\"fig-paragraph\">\u00abNous sommes d\u00e9sempar\u00e9s\u00bb, s&rsquo;est lament\u00e9 le surfeur Klaus Rudolf aupr\u00e8s de l&rsquo;hebdomadaire allemand Stern. \u00abVendredi soir, je me tenais au bord de l&rsquo;eau avec ma planche et je n&rsquo;en croyais pas mes yeux\u00bb, a-t-il ajout\u00e9.<\/p>\n<p>    <a href=\"https:\/\/photo.lefigaro.fr\/voyages\/promenade-a-munich-sur-les-bords-de-l-isar-20250730\" rel=\"nofollow noopener\" target=\"_blank\"><\/p>\n<p class=\"fig-slideshow__title\">\n                    Promenade \u00e0 Munich, sur les bords de l\u2019Isar\n                <\/p>\n<p>Acc\u00e9der au diaporama (16)<\/p>\n<p>    <\/a><\/p>\n<p>\u00abLa meilleure vague de centre-ville\u00bb<\/p>\n<p class=\"fig-paragraph\">De son c\u00f4t\u00e9, la municipalit\u00e9 munichoise a indiqu\u00e9 que \u00able service de gestion des eaux effectuait des mesures de d\u00e9bit afin de v\u00e9rifier les donn\u00e9es de niveau\u00bb.<\/p>\n<p class=\"fig-paragraph\">\u00abCes r\u00e9sultats permettront ensuite de d\u00e9terminer ensemble comment modifier les d\u00e9bits et les niveaux d&rsquo;eau de l&rsquo;Eisbach (&#8230;) et de quelle mani\u00e8re une vague peut \u00eatre cr\u00e9\u00e9e\u00bb, a-t-elle ajout\u00e9, pr\u00e9cisant que les repr\u00e9sentants de la communaut\u00e9 du surf \u00e9taient tenus inform\u00e9s.<\/p>\n<p class=\"fig-paragraph\">Situ\u00e9e \u00e0 l&rsquo;entr\u00e9e du parc munichois Englischer Garten (jardin anglais), la vague de l&rsquo;Eisbach, sur laquelle on surfe depuis 40 ans, est \u00abconsid\u00e9r\u00e9e comme \u00e9tant la vague fluviale la plus constante, la plus grande et la meilleure des vagues de centre-ville\u00bb, selon les autorit\u00e9s touristiques bavaroises.<\/p>\n<p class=\"fig-paragraph\">En avril, une pratiquante allemande exp\u00e9riment\u00e9e avait perdu la vie en surfant de nuit. Elle \u00e9tait rest\u00e9e coinc\u00e9e dans l&rsquo;eau durant pr\u00e8s de trente minutes, son leash &#8211; le cordon qui la reliait \u00e0 son surf &#8211; ou sa planche accroch\u00e9 \u00e0 un objet non identifi\u00e9 dans le lit de la rivi\u00e8re.<\/p>\n<p>                                    <a class=\"fig-a11y-skip a11y-hidden\" href=\"#fig-a11y-skip-main-inarticle_mtf\"><br \/>\n        Passer la publicit\u00e9<br \/>\n    <\/a><\/p>\n<p class=\"fig-paragraph\">Malgr\u00e9 l&rsquo;intervention de ses amis et des secours, elle n&rsquo;avait pas surv\u00e9cu, d\u00e9c\u00e9dant une semaine apr\u00e8s son accident.<\/p>\n<p>Interdiction nocturne<\/p>\n<p class=\"fig-paragraph\">Une enqu\u00eate avait \u00e9t\u00e9 ouverte sans mettre en \u00e9vidence de manquement aux obligations de s\u00e9curit\u00e9 de la part de la ville ou de la r\u00e9gion, les surfeurs \u00e9tant pr\u00e9venus qu&rsquo;ils pratiquent \u00e0 \u00ableurs propres risques\u00bb.<\/p>\n<p class=\"fig-paragraph\">De nouvelles consignes ont cependant \u00e9t\u00e9 \u00e9dict\u00e9es: plus de session nocturne entre 22 heures et 5h30, interdiction de braver la vague pour les moins de 14 ans, utilisation d&rsquo;un syst\u00e8me qui permet de d\u00e9tacher le leash en cas d&rsquo;urgence.<\/p>\n","protected":false},"excerpt":{"rendered":"La vague de l\u2019Eisbach, qui permet de surfer en pleine ville, ne s\u2019est pas reconstitu\u00e9e apr\u00e8s des travaux&hellip;\n","protected":false},"author":2,"featured_media":512172,"comment_status":"","ping_status":"","sticky":false,"template":"","format":"standard","meta":{"footnotes":""},"categories":[5],"tags":[11,1011,27,14,12,30372,28],"class_list":{"0":"post-512171","1":"post","2":"type-post","3":"status-publish","4":"format-standard","5":"has-post-thumbnail","7":"category-international","8":"tag-actualites","9":"tag-fr","10":"tag-france","11":"tag-international","12":"tag-news","13":"tag-surf","14":"tag-world"},"share_on_mastodon":{"url":"https:\/\/pubeurope.com\/@fr\/115493897819650031","error":""},"_links":{"self":[{"href":"https:\/\/www.europesays.com\/fr\/wp-json\/wp\/v2\/posts\/512171","targetHints":{"allow":["GET"]}}],"collection":[{"href":"https:\/\/www.europesays.com\/fr\/wp-json\/wp\/v2\/posts"}],"about":[{"href":"https:\/\/www.europesays.com\/fr\/wp-json\/wp\/v2\/types\/post"}],"author":[{"embeddable":true,"href":"https:\/\/www.europesays.com\/fr\/wp-json\/wp\/v2\/users\/2"}],"replies":[{"embeddable":true,"href":"https:\/\/www.europesays.com\/fr\/wp-json\/wp\/v2\/comments?post=512171"}],"version-history":[{"count":0,"href":"https:\/\/www.europesays.com\/fr\/wp-json\/wp\/v2\/posts\/512171\/revisions"}],"wp:featuredmedia":[{"embeddable":true,"href":"https:\/\/www.europesays.com\/fr\/wp-json\/wp\/v2\/media\/512172"}],"wp:attachment":[{"href":"https:\/\/www.europesays.com\/fr\/wp-json\/wp\/v2\/media?parent=512171"}],"wp:term":[{"taxonomy":"category","embeddable":true,"href":"https:\/\/www.europesays.com\/fr\/wp-json\/wp\/v2\/categories?post=512171"},{"taxonomy":"post_tag","embeddable":true,"href":"https:\/\/www.europesays.com\/fr\/wp-json\/wp\/v2\/tags?post=512171"}],"curies":[{"name":"wp","href":"https:\/\/api.w.org\/{rel}","templated":true}]}}