{"id":512177,"date":"2025-11-04T22:58:11","date_gmt":"2025-11-04T22:58:11","guid":{"rendered":"https:\/\/www.europesays.com\/fr\/512177\/"},"modified":"2025-11-04T22:58:11","modified_gmt":"2025-11-04T22:58:11","slug":"saint-etienne-val-grangent-va-offrir-un-show-aquatique-et-encore-plus-feerique","status":"publish","type":"post","link":"https:\/\/www.europesays.com\/fr\/512177\/","title":{"rendered":"Saint-\u00c9tienne. Val Grangent va offrir un show aquatique et encore plus f\u00e9erique"},"content":{"rendered":"<p>L\u2019un des principes de base, \u00e0 Val Grangent, c\u2019est d\u2019enrichir le spectacle en apportant, chaque ann\u00e9e de la nouveaut\u00e9. Que ce soit au niveau du sc\u00e9nario ou sur le plan technique. Dans les deux domaines, 2025 est innovante. \u00ab\u00a0On sera plus dans l\u2019aventure\u00a0\u00bb, note le metteur en sc\u00e8ne Nicolas Stori s\u2019agissant de l\u2019histoire qui emm\u00e8nera le spectateur dans le monde des flibustiers. Et donc sur les oc\u00e9ans. Pour rendre encore un peu plus f\u00e9erique ce milieu liquide, Val Grangent n\u2019a pas l\u00e9sin\u00e9 sur la technique.<\/p>\n<p>Show aquatique<\/p>\n<p>C\u2019est le grand chamboulement au niveau de la sc\u00e9nographie. Ainsi entre la sc\u00e8ne et le public, il y aura un bassin long de 75 m\u00e8tres et large de 4 m\u00e8tres. Il offre la possibilit\u00e9 de proposer un fabuleux show aquatique avec notamment des jets d\u2019eau \u00e0 huit m\u00e8tres de hauteur. Et puis autre innovation de taille cette ann\u00e9e, c\u2019est l\u2019espace sc\u00e8ne. Depuis 2006, la sc\u00e8ne \u00e9tait&#8230;<\/p>\n","protected":false},"excerpt":{"rendered":"L\u2019un des principes de base, \u00e0 Val Grangent, c\u2019est d\u2019enrichir le spectacle en apportant, chaque ann\u00e9e de la&hellip;\n","protected":false},"author":2,"featured_media":512178,"comment_status":"","ping_status":"","sticky":false,"template":"","format":"standard","meta":{"footnotes":""},"categories":[9653],"tags":[1111,11,2430,1687,7539,1777,674,1011,27,12,25,4001,7538,3140],"class_list":{"0":"post-512177","1":"post","2":"type-post","3":"status-publish","4":"format-standard","5":"has-post-thumbnail","7":"category-saint-etienne","8":"tag-actu","9":"tag-actualites","10":"tag-auvergne-rhone-alpes","11":"tag-culture-loisirs","12":"tag-edition-loire-sud","13":"tag-eu","14":"tag-europe","15":"tag-fr","16":"tag-france","17":"tag-news","18":"tag-republique-francaise","19":"tag-saint-etienne","20":"tag-saint-etienne-ville","21":"tag-spectacle"},"share_on_mastodon":{"url":"https:\/\/pubeurope.com\/@fr\/115493909622515092","error":""},"_links":{"self":[{"href":"https:\/\/www.europesays.com\/fr\/wp-json\/wp\/v2\/posts\/512177","targetHints":{"allow":["GET"]}}],"collection":[{"href":"https:\/\/www.europesays.com\/fr\/wp-json\/wp\/v2\/posts"}],"about":[{"href":"https:\/\/www.europesays.com\/fr\/wp-json\/wp\/v2\/types\/post"}],"author":[{"embeddable":true,"href":"https:\/\/www.europesays.com\/fr\/wp-json\/wp\/v2\/users\/2"}],"replies":[{"embeddable":true,"href":"https:\/\/www.europesays.com\/fr\/wp-json\/wp\/v2\/comments?post=512177"}],"version-history":[{"count":0,"href":"https:\/\/www.europesays.com\/fr\/wp-json\/wp\/v2\/posts\/512177\/revisions"}],"wp:featuredmedia":[{"embeddable":true,"href":"https:\/\/www.europesays.com\/fr\/wp-json\/wp\/v2\/media\/512178"}],"wp:attachment":[{"href":"https:\/\/www.europesays.com\/fr\/wp-json\/wp\/v2\/media?parent=512177"}],"wp:term":[{"taxonomy":"category","embeddable":true,"href":"https:\/\/www.europesays.com\/fr\/wp-json\/wp\/v2\/categories?post=512177"},{"taxonomy":"post_tag","embeddable":true,"href":"https:\/\/www.europesays.com\/fr\/wp-json\/wp\/v2\/tags?post=512177"}],"curies":[{"name":"wp","href":"https:\/\/api.w.org\/{rel}","templated":true}]}}