{"id":512179,"date":"2025-11-04T22:59:24","date_gmt":"2025-11-04T22:59:24","guid":{"rendered":"https:\/\/www.europesays.com\/fr\/512179\/"},"modified":"2025-11-04T22:59:24","modified_gmt":"2025-11-04T22:59:24","slug":"prison-avec-sursis-pour-deux-supporters-de-las-saint-etienne-qui-avaient-blesse-un-arbitre-avec-des-pieces-de-monnaie","status":"publish","type":"post","link":"https:\/\/www.europesays.com\/fr\/512179\/","title":{"rendered":"Prison avec sursis pour deux supporters de l&rsquo;AS Saint-\u00c9tienne qui avaient bless\u00e9 un arbitre avec des pi\u00e8ces de monnaie"},"content":{"rendered":"<p>\n    Les deux hommes \u00e2g\u00e9s de 28 ans avaient caus\u00e9 l\u2019interruption du derby entre les Verts et l\u2019OL, en avril dernier, au stade Geoffroy-Guichard.<\/p>\n<p class=\"fig-paragraph\">Deux supporters de\u00a0<a href=\"http:\/\/www.lefigaro.fr\/sports\/football\/ligue-2-tombeur-de-saint-etienne-le-red-star-s-invite-a-la-deuxieme-place-20251102\" data-fig-type=\"NewsFlash\" data-gtm-custom-categorie=\"navigation\" data-gtm-custom-action=\"crossclick\" data-gtm-custom-label=\"Contextuel\" data-gtm-event=\"customEventSPE\" data-fig-domain=\"LEFIGARO\" target=\"_blank\" rel=\"noopener\">l&rsquo;AS Saint-\u00c9tienne<\/a>\u00a0\u00e2g\u00e9s de 28 ans ont \u00e9t\u00e9 condamn\u00e9s mardi \u00e0 sept mois de prison avec sursis par le tribunal correctionnel de Saint-\u00c9tienne pour avoir l\u00e9g\u00e8rement bless\u00e9 un arbitre lors d&rsquo;un match de Ligue 1.<\/p>\n<p class=\"fig-paragraph\">Les deux hommes, au casier judiciaire vierge, avaient jet\u00e9 des pi\u00e8ces de monnaie qui avaient touch\u00e9 l&rsquo;arbitre lors d&rsquo;<a href=\"http:\/\/www.lefigaro.fr\/sports\/football\/ligue-1\/ligue-1-l-asse-arrache-un-derby-sous-haute-tension-lyon-reste-groggy-et-perd-gros-20250420\" data-fig-type=\"NewsFlash\" data-gtm-custom-categorie=\"navigation\" data-gtm-custom-action=\"crossclick\" data-gtm-custom-label=\"Contextuel\" data-gtm-event=\"customEventSPE\" data-fig-domain=\"LEFIGARO\" target=\"_blank\" rel=\"noopener\">un derby entre l&rsquo;ASSE et l&rsquo;Olympique lyonnais<\/a>\u00a0en avril dernier, au stade Geoffroy-Guichard. Le repr\u00e9sentant du parquet Andr\u00e9 Merle avait requis neuf mois de d\u00e9tention avec sursis, assortis d&rsquo;une interdiction judiciaire de stade d&rsquo;au moins deux ans.<\/p>\n<p>                                    <a class=\"fig-a11y-skip a11y-hidden\" href=\"#fig-a11y-skip-main-inarticle\"><br \/>\n        Passer la publicit\u00e9<br \/>\n    <\/a><\/p>\n<p class=\"fig-paragraph\">Les avocats des pr\u00e9venus, Laure Salomon et Julien Rey, ont vainement plaid\u00e9 la relaxe pour les violences aggrav\u00e9es, soulignant que le lien de causalit\u00e9 entre les jets de pi\u00e8ces et la blessure de l&rsquo;arbitre n&rsquo;\u00e9tait pas \u00e9tabli, d&rsquo;autant que d&rsquo;autres supporters avaient aussi jet\u00e9 des pi\u00e8ces.<\/p>\n<p>Excuses pr\u00e9sent\u00e9es<\/p>\n<p class=\"fig-paragraph\">Conducteur d&rsquo;engins de chantier pour l&rsquo;un, \u00e9lectricien pour l&rsquo;autre, les pr\u00e9venus ont pr\u00e9sent\u00e9 leurs excuses, reconnaissant avoir jet\u00e9 chacun quelques pi\u00e8ces de monnaie en direction du terrain de jeu depuis les tribunes, dans l&rsquo;excitation provoqu\u00e9e par le derby et sous l&rsquo;effet de la consommation d&rsquo;alcool.<\/p>\n<p class=\"fig-paragraph\">Arbitre de touche \u00e2g\u00e9 de 37 ans, Mahdi Rahmouni avait \u00e9t\u00e9 atteint au niveau du cr\u00e2ne par une pi\u00e8ce de deux centimes d&rsquo;euros, entra\u00eenant un \u0153d\u00e8me de trois centim\u00e8tres et une ITT (interruption totale de travail) d&rsquo;un jour. La rencontre avait \u00e9t\u00e9 interrompue pendant une quarantaine de minutes, alors que l&rsquo;ASSE menait 1-0. Elle s&rsquo;est termin\u00e9e sur une victoire des Verts 2 \u00e0 1.<\/p>\n<p class=\"fig-paragraph\">Le repr\u00e9sentant du corps arbitral a t\u00e9moign\u00e9 mardi \u00e0 la barre, relevant n&rsquo;avoir \u00abjusqu&rsquo;alors jamais \u00e9t\u00e9 agress\u00e9 depuis dix ans\u00bb qu&rsquo;il officie en Ligue 1, ajoutant que c&rsquo;\u00e9tait \u00e0 sa connaissance \u00abla premi\u00e8re fois qu&rsquo;on arr\u00eat(ait) un match de l&rsquo;\u00e9lite pour ce motif\u00bb.<\/p>\n<p class=\"fig-paragraph\">Le syndicat des arbitres du football d&rsquo;\u00e9lite, l&rsquo;ASSE, l&rsquo;OL, la F\u00e9d\u00e9ration fran\u00e7aise de football (FFF) et la Ligue de football professionnel (LFP) s&rsquo;\u00e9taient aussi constitu\u00e9s parties civiles.<\/p>\n","protected":false},"excerpt":{"rendered":"Les deux hommes \u00e2g\u00e9s de 28 ans avaient caus\u00e9 l\u2019interruption du derby entre les Verts et l\u2019OL, en&hellip;\n","protected":false},"author":2,"featured_media":512180,"comment_status":"","ping_status":"","sticky":false,"template":"","format":"standard","meta":{"footnotes":""},"categories":[9653],"tags":[1111,11,444,2430,1777,674,1011,27,12,978,806,25,4001],"class_list":{"0":"post-512179","1":"post","2":"type-post","3":"status-publish","4":"format-standard","5":"has-post-thumbnail","7":"category-saint-etienne","8":"tag-actu","9":"tag-actualites","10":"tag-as-saint-etienne","11":"tag-auvergne-rhone-alpes","12":"tag-eu","13":"tag-europe","14":"tag-fr","15":"tag-france","16":"tag-news","17":"tag-olympique-lyonnais","18":"tag-prison","19":"tag-republique-francaise","20":"tag-saint-etienne"},"share_on_mastodon":{"url":"https:\/\/pubeurope.com\/@fr\/115493913442517068","error":""},"_links":{"self":[{"href":"https:\/\/www.europesays.com\/fr\/wp-json\/wp\/v2\/posts\/512179","targetHints":{"allow":["GET"]}}],"collection":[{"href":"https:\/\/www.europesays.com\/fr\/wp-json\/wp\/v2\/posts"}],"about":[{"href":"https:\/\/www.europesays.com\/fr\/wp-json\/wp\/v2\/types\/post"}],"author":[{"embeddable":true,"href":"https:\/\/www.europesays.com\/fr\/wp-json\/wp\/v2\/users\/2"}],"replies":[{"embeddable":true,"href":"https:\/\/www.europesays.com\/fr\/wp-json\/wp\/v2\/comments?post=512179"}],"version-history":[{"count":0,"href":"https:\/\/www.europesays.com\/fr\/wp-json\/wp\/v2\/posts\/512179\/revisions"}],"wp:featuredmedia":[{"embeddable":true,"href":"https:\/\/www.europesays.com\/fr\/wp-json\/wp\/v2\/media\/512180"}],"wp:attachment":[{"href":"https:\/\/www.europesays.com\/fr\/wp-json\/wp\/v2\/media?parent=512179"}],"wp:term":[{"taxonomy":"category","embeddable":true,"href":"https:\/\/www.europesays.com\/fr\/wp-json\/wp\/v2\/categories?post=512179"},{"taxonomy":"post_tag","embeddable":true,"href":"https:\/\/www.europesays.com\/fr\/wp-json\/wp\/v2\/tags?post=512179"}],"curies":[{"name":"wp","href":"https:\/\/api.w.org\/{rel}","templated":true}]}}