{"id":512181,"date":"2025-11-04T23:00:16","date_gmt":"2025-11-04T23:00:16","guid":{"rendered":"https:\/\/www.europesays.com\/fr\/512181\/"},"modified":"2025-11-04T23:00:16","modified_gmt":"2025-11-04T23:00:16","slug":"linsecurite-rue-saint-nicolas-au-coeur-des-debats-a-nancy","status":"publish","type":"post","link":"https:\/\/www.europesays.com\/fr\/512181\/","title":{"rendered":"l\u2019ins\u00e9curit\u00e9 rue Saint-Nicolas au c\u0153ur des d\u00e9bats \u00e0 Nancy"},"content":{"rendered":"<p>Rien \u00e0 voir avec une bouche de sortie de m\u00e9tro porte de la Chapelle, \u00e0 Paris, o\u00f9 la vente de cigarettes \u00e0 la sauvette est totalement d\u00e9complex\u00e9e.<\/p>\n<p>\u00c0 Nancy, rue Saint-Nicolas, les vendeurs sont plus sur la retenue et n\u2019ont pas leur pareil pour flairer un client potentiel, selon l\u2019heure de la journ\u00e9e. \u00ab\u00a0Le vendredi et samedi soir, avant que les noctambules partent en soir\u00e9e, c\u2019est parfois le supermarch\u00e9 \u00e0 ciel ouvert\u2026\u00a0\u00bb, observe un policier, en fin connaisseur du bitume nanc\u00e9ien qu\u2019il arpente depuis une quinzaine d\u2019ann\u00e9es.<\/p>\n<p>10\u00a0\u20ac dans la rue et 15,65\u00a0\u20ac au bureau de tabac<\/p>\n<p>Le paquet de&#8230;<\/p>\n","protected":false},"excerpt":{"rendered":"Rien \u00e0 voir avec une bouche de sortie de m\u00e9tro porte de la Chapelle, \u00e0 Paris, o\u00f9 la&hellip;\n","protected":false},"author":2,"featured_media":512182,"comment_status":"","ping_status":"","sticky":false,"template":"","format":"standard","meta":{"footnotes":""},"categories":[9635],"tags":[1111,11,4406,271,272,33,1707,1704,1706,1705,1777,674,274,3183,1011,27,775,3457,1702,1703,12,3456,25],"class_list":{"0":"post-512181","1":"post","2":"type-post","3":"status-publish","4":"format-standard","5":"has-post-thumbnail","7":"category-nancy","8":"tag-actu","9":"tag-actualites","10":"tag-commerce-et-services","11":"tag-crime","12":"tag-delit-et-contravention","13":"tag-economie","14":"tag-edition-luneville","15":"tag-edition-nancy-et-agglomeration","16":"tag-edition-pont-a-mousson","17":"tag-edition-toul","18":"tag-eu","19":"tag-europe","20":"tag-faits-divers-justice","21":"tag-finance-et-fiscalite","22":"tag-fr","23":"tag-france","24":"tag-grand-est","25":"tag-meurthe-et-moselle","26":"tag-nancy","27":"tag-nancy-ville-54b","28":"tag-news","29":"tag-region-lorraine","30":"tag-republique-francaise"},"share_on_mastodon":{"url":"https:\/\/pubeurope.com\/@fr\/115493917455981109","error":""},"_links":{"self":[{"href":"https:\/\/www.europesays.com\/fr\/wp-json\/wp\/v2\/posts\/512181","targetHints":{"allow":["GET"]}}],"collection":[{"href":"https:\/\/www.europesays.com\/fr\/wp-json\/wp\/v2\/posts"}],"about":[{"href":"https:\/\/www.europesays.com\/fr\/wp-json\/wp\/v2\/types\/post"}],"author":[{"embeddable":true,"href":"https:\/\/www.europesays.com\/fr\/wp-json\/wp\/v2\/users\/2"}],"replies":[{"embeddable":true,"href":"https:\/\/www.europesays.com\/fr\/wp-json\/wp\/v2\/comments?post=512181"}],"version-history":[{"count":0,"href":"https:\/\/www.europesays.com\/fr\/wp-json\/wp\/v2\/posts\/512181\/revisions"}],"wp:featuredmedia":[{"embeddable":true,"href":"https:\/\/www.europesays.com\/fr\/wp-json\/wp\/v2\/media\/512182"}],"wp:attachment":[{"href":"https:\/\/www.europesays.com\/fr\/wp-json\/wp\/v2\/media?parent=512181"}],"wp:term":[{"taxonomy":"category","embeddable":true,"href":"https:\/\/www.europesays.com\/fr\/wp-json\/wp\/v2\/categories?post=512181"},{"taxonomy":"post_tag","embeddable":true,"href":"https:\/\/www.europesays.com\/fr\/wp-json\/wp\/v2\/tags?post=512181"}],"curies":[{"name":"wp","href":"https:\/\/api.w.org\/{rel}","templated":true}]}}