{"id":512183,"date":"2025-11-04T23:01:23","date_gmt":"2025-11-04T23:01:23","guid":{"rendered":"https:\/\/www.europesays.com\/fr\/512183\/"},"modified":"2025-11-04T23:01:23","modified_gmt":"2025-11-04T23:01:23","slug":"nancy-edouard-philippe-un-passage-apolitique-a-nancy-pour-remettre-des-diplomes","status":"publish","type":"post","link":"https:\/\/www.europesays.com\/fr\/512183\/","title":{"rendered":"Nancy. \u00c9douard Philippe, un passage apolitique \u00e0 Nancy pour remettre des dipl\u00f4mes"},"content":{"rendered":"<p>Il l\u2019avait annonc\u00e9 et a tenu promesse. L\u2019ancien Premier ministre et candidat proclam\u00e9 \u00e0 la prochaine \u00e9lection pr\u00e9sidentielle <a href=\"https:\/\/www.estrepublicain.fr\/education\/2025\/10\/23\/pourquoi-edouard-philippe-sera-a-nancy-debut-novembre\" target=\"_blank\" rel=\"noopener\">\u00c9douard Philippe<\/a> n\u2019a tenu aucun propos politique, a aimablement d\u00e9clin\u00e9 toute tentative lors de son passage, ce mardi apr\u00e8s-midi \u00e0 Nancy.<\/p>\n<p>C\u2019est en qualit\u00e9 de parrain de la promotion du Dipl\u00f4me universitaire (DU) S\u00e9curit\u00e9 int\u00e9rieur de la Fac de droit que le maire du\u00a0Havre est venu remettre les dipl\u00f4mes aux 23 laur\u00e9ats du DU et aux 14 du Masters en S\u00e9curit\u00e9 int\u00e9rieure pr\u00e9sents pour cet instant solennel. Peu habitu\u00e9 au parrainage d\u2019\u00e9tude, <a href=\"https:\/\/www.estrepublicain.fr\/p\/edouard-philippe\" target=\"_blank\" rel=\"noopener\">\u00c9douard Philippe<\/a> a pourtant accept\u00e9 la proposition et avait invit\u00e9 au printemps dernier, sur le port du\u00a0Havre, la promotion sur le th\u00e8me de la lutte contre les trafics.<\/p>\n<p>Avec une carte blanche pour son discours du jour, l\u2019ancien Premier ministre a opt\u00e9 pour un th\u00e8me pr\u00e9gnant de la prochaine vie professionnelle des laur\u00e9ats mais aussi tir\u00e9 de sa propre exp\u00e9rience\u00a0: \u00ab\u00a0Apprendre \u00e0 commander\u00a0\u00bb\u2026 Une comp\u00e9tence n\u00e9cessaire en politique.<\/p>\n","protected":false},"excerpt":{"rendered":"Il l\u2019avait annonc\u00e9 et a tenu promesse. L\u2019ancien Premier ministre et candidat proclam\u00e9 \u00e0 la prochaine \u00e9lection pr\u00e9sidentielle&hellip;\n","protected":false},"author":2,"featured_media":512184,"comment_status":"","ping_status":"","sticky":false,"template":"","format":"standard","meta":{"footnotes":""},"categories":[9635],"tags":[1111,11,1704,1057,4854,1777,674,1011,27,775,3540,1702,1703,12,316,25],"class_list":{"0":"post-512183","1":"post","2":"type-post","3":"status-publish","4":"format-standard","5":"has-post-thumbnail","7":"category-nancy","8":"tag-actu","9":"tag-actualites","10":"tag-edition-nancy-et-agglomeration","11":"tag-education","12":"tag-enseignement-superieur","13":"tag-eu","14":"tag-europe","15":"tag-fr","16":"tag-france","17":"tag-grand-est","18":"tag-horizons","19":"tag-nancy","20":"tag-nancy-ville-54b","21":"tag-news","22":"tag-politique","23":"tag-republique-francaise"},"share_on_mastodon":{"url":"https:\/\/pubeurope.com\/@fr\/115493921364395742","error":""},"_links":{"self":[{"href":"https:\/\/www.europesays.com\/fr\/wp-json\/wp\/v2\/posts\/512183","targetHints":{"allow":["GET"]}}],"collection":[{"href":"https:\/\/www.europesays.com\/fr\/wp-json\/wp\/v2\/posts"}],"about":[{"href":"https:\/\/www.europesays.com\/fr\/wp-json\/wp\/v2\/types\/post"}],"author":[{"embeddable":true,"href":"https:\/\/www.europesays.com\/fr\/wp-json\/wp\/v2\/users\/2"}],"replies":[{"embeddable":true,"href":"https:\/\/www.europesays.com\/fr\/wp-json\/wp\/v2\/comments?post=512183"}],"version-history":[{"count":0,"href":"https:\/\/www.europesays.com\/fr\/wp-json\/wp\/v2\/posts\/512183\/revisions"}],"wp:featuredmedia":[{"embeddable":true,"href":"https:\/\/www.europesays.com\/fr\/wp-json\/wp\/v2\/media\/512184"}],"wp:attachment":[{"href":"https:\/\/www.europesays.com\/fr\/wp-json\/wp\/v2\/media?parent=512183"}],"wp:term":[{"taxonomy":"category","embeddable":true,"href":"https:\/\/www.europesays.com\/fr\/wp-json\/wp\/v2\/categories?post=512183"},{"taxonomy":"post_tag","embeddable":true,"href":"https:\/\/www.europesays.com\/fr\/wp-json\/wp\/v2\/tags?post=512183"}],"curies":[{"name":"wp","href":"https:\/\/api.w.org\/{rel}","templated":true}]}}