{"id":512188,"date":"2025-11-04T23:04:20","date_gmt":"2025-11-04T23:04:20","guid":{"rendered":"https:\/\/www.europesays.com\/fr\/512188\/"},"modified":"2025-11-04T23:04:20","modified_gmt":"2025-11-04T23:04:20","slug":"levenement-ideal-pour-ceux-qui-aiment-le-vin-et-les-belles-surprises","status":"publish","type":"post","link":"https:\/\/www.europesays.com\/fr\/512188\/","title":{"rendered":"l\u2019\u00e9v\u00e9nement id\u00e9al pour ceux qui aiment le vin\u2026 et les belles surprises"},"content":{"rendered":"<p>            Par<br \/>\n        <strong><br \/>\n            <a href=\"https:\/\/actu.fr\/auteur\/metropoop\" title=\"Consulter tous les articles de R\u00e9daction M\u00e9tropolitain\" target=\"_blank\" rel=\"noopener\">R\u00e9daction M\u00e9tropolitain<\/a><br \/>\n        <\/strong><\/p>\n<p>        Publi\u00e9 le<\/p>\n<p>            4 nov. 2025 \u00e0 13h37        <\/p>\n<p>Les Vins Pays d\u2019Oc IGP donnent rendez-vous au public ce jeudi 6 novembre 2025, de 17h \u00e0 23h, \u00e0 l\u2019Espace Vinalia du Domaine de Manse, \u00e0 Lattes. L\u2019\u00e9v\u00e9nement marque le lancement de la Collection Automne \/ Hiver 2025. Rouge, blanc, ros\u00e9 : les verres s\u2019alignent comme les silhouettes d\u2019un d\u00e9fil\u00e9. L\u2019entr\u00e9e co\u00fbte <strong>15 euros<\/strong>. Elle comprend un verre estampill\u00e9, l\u2019acc\u00e8s libre aux d\u00e9gustations et un service de tapas.<\/p>\n<p>    <a href=\"https:\/\/www.google.com\/maps\/embed?pb=!1m18!1m12!1m3!1d2890.6966611505004!2d3.8740945764581207!3d43.57120347110605!2m3!1f0!2f0!3f0!3m2!1i1024!2i768!4f13.1!3m3!1m2!1s0x12b6b024f776f623%3A0x7618ef32a5034594!2sSyndicat%20des%20Producteurs%20de%20Vins%20de%20Pays%20d%27Oc%20et%20Inter%20Oc%20-%20Espace%20Vinalia!5e0!3m2!1sfr!2sfr!4v1762255341877!5m2!1sfr!2sfr\" title=\"Ouvrie le lien\" target=\"_blank\" rel=\"noopener\">Cliquez ici pour visualiser le contenu<\/a><\/p>\n<p class=\" wall-content\">Pour \u00e9tablir cette s\u00e9lection, 596 \u00e9chantillons ont \u00e9t\u00e9 d\u00e9gust\u00e9s \u00e0 l\u2019aveugle. Seules <strong>44 cuv\u00e9es<\/strong> ont \u00e9t\u00e9 retenues. Elles proviennent de 37 op\u00e9rateurs : 23 caves particuli\u00e8res, 10 caves coop\u00e9ratives et 4 maisons de n\u00e9goce. La richesse du terroir s\u2019exprime \u00e0 travers 21 blancs aromatiques, 3 ros\u00e9s subtils et 20 rouges gourmands.<\/p>\n<p class=\" wall-content\"><a href=\"https:\/\/www.instagram.com\/p\/DP6pFoiiWEs\/embed\" title=\"Ouvrir le lien sur Instagram\" target=\"_blank\" rel=\"noopener\">Visualiser le contenu sur Instagram<\/a><\/p>\n<p>Un grand d\u00e9fil\u00e9 \u00e0 d\u00e9guster<\/p>\n<p class=\" wall-content\"><strong>Plus de 30 producteurs<\/strong> seront pr\u00e9sents le soir de l\u2019\u00e9v\u00e9nement. En plus des cuv\u00e9es de la Collection, chacun proposera trois autres vins de son domaine. Au total, <strong>140 cuv\u00e9es<\/strong> seront disponibles \u00e0 la d\u00e9gustation. La soir\u00e9e promet une ambiance conviviale, port\u00e9e par le bruit des verres et les plateaux de tapas soigneusement pr\u00e9par\u00e9s.<\/p>\n<p class=\" wall-content\">Le Grand D\u00e9fil\u00e9 tombe \u00e0 point pour anticiper les f\u00eates de fin d\u2019ann\u00e9e. Un service drive permettra de r\u00e9cup\u00e9rer les bouteilles achet\u00e9es aupr\u00e8s des producteurs. Les visiteurs pourront remplir leur cave et pr\u00e9voir leurs accords avec les mets festifs. Une boutique proposera des accessoires du vin, utiles ou d\u00e9coratifs. Deux produits d\u2019Occitanie viendront sublimer les d\u00e9gustations : le Noir de Bigorre et l\u2019AOP Laguiole.\u00a0<\/p>\n<p>Vid\u00e9os : en ce moment sur Actu<strong>&gt;<\/strong> Pour vous inscrire et r\u00e9server votre place, rendez-vous <a href=\"https:\/\/www.paysdoc-wines.com\/collection-igp-grand-defile-automne-hiver2025\/\" target=\"_blank\" rel=\"noopener\">ici<\/a><\/p>\n<p class=\" wall-content\">Personnalisez votre actualit\u00e9 en ajoutant vos villes et m\u00e9dias en favori avec <a href=\"https:\/\/moncompte.actu.fr\" title=\"D\u00e9couvez Mon Actu\" rel=\"nofollow noopener\" data-trk=\"{&quot;cta&quot;:{&quot;action&quot;:&quot;https:\\\/\\\/moncompte.actu.fr&quot;,&quot;category&quot;:&quot;mon compte&quot;,&quot;from&quot;:&quot;article footer&quot;,&quot;name&quot;:&quot;Mon actu&quot;,&quot;type&quot;:&quot;cta&quot;}}\" target=\"_blank\">Mon Actu<\/a>.<\/p>\n<p>                    <script async src=\"\/\/www.instagram.com\/embed.js\"><\/script><\/p>\n","protected":false},"excerpt":{"rendered":"Par R\u00e9daction M\u00e9tropolitain Publi\u00e9 le 4 nov. 2025 \u00e0 13h37 Les Vins Pays d\u2019Oc IGP donnent rendez-vous au&hellip;\n","protected":false},"author":2,"featured_media":512189,"comment_status":"","ping_status":"","sticky":false,"template":"","format":"standard","meta":{"footnotes":""},"categories":[9599],"tags":[1111,11,5702,258,1777,674,1011,27,1305,2208,12,2680,25,1662],"class_list":{"0":"post-512188","1":"post","2":"type-post","3":"status-publish","4":"format-standard","5":"has-post-thumbnail","7":"category-montpellier","8":"tag-actu","9":"tag-actualites","10":"tag-alcool","11":"tag-alimentation","12":"tag-eu","13":"tag-europe","14":"tag-fr","15":"tag-france","16":"tag-lifestyle","17":"tag-montpellier","18":"tag-news","19":"tag-occitanie","20":"tag-republique-francaise","21":"tag-vin"},"share_on_mastodon":{"url":"https:\/\/pubeurope.com\/@fr\/115493933256829677","error":""},"_links":{"self":[{"href":"https:\/\/www.europesays.com\/fr\/wp-json\/wp\/v2\/posts\/512188","targetHints":{"allow":["GET"]}}],"collection":[{"href":"https:\/\/www.europesays.com\/fr\/wp-json\/wp\/v2\/posts"}],"about":[{"href":"https:\/\/www.europesays.com\/fr\/wp-json\/wp\/v2\/types\/post"}],"author":[{"embeddable":true,"href":"https:\/\/www.europesays.com\/fr\/wp-json\/wp\/v2\/users\/2"}],"replies":[{"embeddable":true,"href":"https:\/\/www.europesays.com\/fr\/wp-json\/wp\/v2\/comments?post=512188"}],"version-history":[{"count":0,"href":"https:\/\/www.europesays.com\/fr\/wp-json\/wp\/v2\/posts\/512188\/revisions"}],"wp:featuredmedia":[{"embeddable":true,"href":"https:\/\/www.europesays.com\/fr\/wp-json\/wp\/v2\/media\/512189"}],"wp:attachment":[{"href":"https:\/\/www.europesays.com\/fr\/wp-json\/wp\/v2\/media?parent=512188"}],"wp:term":[{"taxonomy":"category","embeddable":true,"href":"https:\/\/www.europesays.com\/fr\/wp-json\/wp\/v2\/categories?post=512188"},{"taxonomy":"post_tag","embeddable":true,"href":"https:\/\/www.europesays.com\/fr\/wp-json\/wp\/v2\/tags?post=512188"}],"curies":[{"name":"wp","href":"https:\/\/api.w.org\/{rel}","templated":true}]}}