{"id":512194,"date":"2025-11-04T23:08:19","date_gmt":"2025-11-04T23:08:19","guid":{"rendered":"https:\/\/www.europesays.com\/fr\/512194\/"},"modified":"2025-11-04T23:08:19","modified_gmt":"2025-11-04T23:08:19","slug":"les-elus-ont-approuve-le-lancement-dun-programme-pour-lutter-contre-le-basculement-des-jeunes-de-la-villeneuve","status":"publish","type":"post","link":"https:\/\/www.europesays.com\/fr\/512194\/","title":{"rendered":"les \u00e9lus ont approuv\u00e9 le lancement d\u2019un programme pour lutter contre le basculement des jeunes de la Villeneuve"},"content":{"rendered":"<p>Lors du dernier conseil municipal de Grenoble, les \u00e9lus ont approuv\u00e9 le lancement d\u2019un programme pour lutter contre le basculement des jeunes de la Villeneuve dans les trafics.<\/p>\n<p>La Mission interminist\u00e9rielle de lutte contre les drogues et les conduites addictives (Mildeca), rattach\u00e9e au Premier ministre, initie et accompagne les projets port\u00e9s au plus pr\u00e8s des citoyens par des collectivit\u00e9s territoriales, en accordant des soutiens financiers et m\u00e9thodologiques.<\/p>\n<p>Sa mission est d\u2019animer et de coordonner l\u2019action du gouvernement en mati\u00e8re de lutte contre les drogues et les conduites addictives ainsi que de susciter et accompagner les projets port\u00e9s par le public ou le priv\u00e9.<\/p>\n<p>L\u2019objectif de l\u2019appel \u00e0 projets est de construire un projet de politique locale pour limiter la participation des mineurs au trafic de stup\u00e9fiants sur quatre axes de travail\u00a0: diagnostic partag\u00e9 entre les diff\u00e9rents partenaires de la Villeneuve, strat\u00e9gies \u00e0 destination des mineurs, strat\u00e9gies \u00e0 destination des familles, mobiliser et occuper le terrain.<\/p>\n","protected":false},"excerpt":{"rendered":"Lors du dernier conseil municipal de Grenoble, les \u00e9lus ont approuv\u00e9 le lancement d\u2019un programme pour lutter contre&hellip;\n","protected":false},"author":2,"featured_media":512195,"comment_status":"","ping_status":"","sticky":false,"template":"","format":"standard","meta":{"footnotes":""},"categories":[9566],"tags":[1111,11,2430,1984,112,1777,674,274,1011,27,2731,2732,12,316,25,104],"class_list":{"0":"post-512194","1":"post","2":"type-post","3":"status-publish","4":"format-standard","5":"has-post-thumbnail","7":"category-grenoble","8":"tag-actu","9":"tag-actualites","10":"tag-auvergne-rhone-alpes","11":"tag-conseil-municipal","12":"tag-edition-grenoble-agglomeration","13":"tag-eu","14":"tag-europe","15":"tag-faits-divers-justice","16":"tag-fr","17":"tag-france","18":"tag-grenoble","19":"tag-grenoble-bassin","20":"tag-news","21":"tag-politique","22":"tag-republique-francaise","23":"tag-societe"},"share_on_mastodon":{"url":"https:\/\/pubeurope.com\/@fr\/115493949310841478","error":""},"_links":{"self":[{"href":"https:\/\/www.europesays.com\/fr\/wp-json\/wp\/v2\/posts\/512194","targetHints":{"allow":["GET"]}}],"collection":[{"href":"https:\/\/www.europesays.com\/fr\/wp-json\/wp\/v2\/posts"}],"about":[{"href":"https:\/\/www.europesays.com\/fr\/wp-json\/wp\/v2\/types\/post"}],"author":[{"embeddable":true,"href":"https:\/\/www.europesays.com\/fr\/wp-json\/wp\/v2\/users\/2"}],"replies":[{"embeddable":true,"href":"https:\/\/www.europesays.com\/fr\/wp-json\/wp\/v2\/comments?post=512194"}],"version-history":[{"count":0,"href":"https:\/\/www.europesays.com\/fr\/wp-json\/wp\/v2\/posts\/512194\/revisions"}],"wp:featuredmedia":[{"embeddable":true,"href":"https:\/\/www.europesays.com\/fr\/wp-json\/wp\/v2\/media\/512195"}],"wp:attachment":[{"href":"https:\/\/www.europesays.com\/fr\/wp-json\/wp\/v2\/media?parent=512194"}],"wp:term":[{"taxonomy":"category","embeddable":true,"href":"https:\/\/www.europesays.com\/fr\/wp-json\/wp\/v2\/categories?post=512194"},{"taxonomy":"post_tag","embeddable":true,"href":"https:\/\/www.europesays.com\/fr\/wp-json\/wp\/v2\/tags?post=512194"}],"curies":[{"name":"wp","href":"https:\/\/api.w.org\/{rel}","templated":true}]}}