{"id":512198,"date":"2025-11-04T23:10:13","date_gmt":"2025-11-04T23:10:13","guid":{"rendered":"https:\/\/www.europesays.com\/fr\/512198\/"},"modified":"2025-11-04T23:10:13","modified_gmt":"2025-11-04T23:10:13","slug":"le-photographe-turc-ali-oz-a-bruz-vendredi-soir","status":"publish","type":"post","link":"https:\/\/www.europesays.com\/fr\/512198\/","title":{"rendered":"Le photographe turc Ali \u00d6z \u00e0 Bruz vendredi soir"},"content":{"rendered":"<p>\u00a0J\u2019ai visit\u00e9 70\u00a0pays et poss\u00e8de un million de photos dans ma phototh\u00e8que. Pour moi la photographie est un langage universel,  explique Ali \u00d6z, photographe d\u2019origine turque . L\u2019\u00eatre humain est capable d\u2019endurer la faim, mais pas sans amour, ni passion, ni but. Mon amour des humains s\u2019est fix\u00e9 sur l\u2019Art de la photographie, et c\u2019est devenu pour moi le moyen le plus indirect et concret d\u2019attirer l\u2019attention.\u00a0<\/p>\n<p>Dans le cadre du festival L\u2019Image Publique, festival de photographie urbaine, ce professionnel de la photographie documentaire, est l\u2019invit\u00e9 de Bruz Chromatik, section de photographes amateurs de l\u2019amicale la\u00efque de <a href=\"https:\/\/rennes.maville.com\/bretagne\/ille-et-vilaine\/bruz\/\" target=\"_blank\" rel=\"noopener\">Bruz <\/a>(<a href=\"https:\/\/www.ouest-france.fr\/bretagne\/ille-et-vilaine\/\" target=\"_blank\" rel=\"noopener\">Ille-et-Vilaine<\/a>). Il animera dans la soir\u00e9e de vendredi 7\u00a0novembre 2025 une conf\u00e9rence \u00e0 la maison des associations.<\/p>\n<p><strong>Lire aussi\u00a0<\/strong>: <a href=\"https:\/\/rennes.maville.com\/actu\/actudet_-du-6-octobre-au-15-novembre-24-expositions-photos-a-decouvrir-en-ille-et-vilaine-_7-6976103_actu.Htm\" target=\"_blank\" rel=\"noopener\">Du 6\u00a0octobre au 15\u00a0novembre, 24 expositions photos \u00e0 d\u00e9couvrir en Ille-et-Vilaine<\/a><\/p>\n<p>\u00ab\u00a0Une occasion rare\u00a0\u00bb<\/p>\n<p>Cette intervention comportera un documentaire o\u00f9 sont pr\u00e9sent\u00e9s Ali \u00d6z et ses travaux en argentique sur les ann\u00e9es 80 \u00e0 Istanbul, notamment dans le quartier de Tarlabasi. Puis le photographe projettera un diaporama qui retrace en photos la vie de Rennes au cours de son passage lors de l\u2019\u00e9dition 2023 de ce festival.<\/p>\n<p>\u00a0Cette soir\u00e9e va permettre au public de d\u00e9couvrir le travail d\u2019un photographe de terrain et d\u2019\u00e9changer sur ses m\u00e9thodes et son regard sur la ville et ses transformations\u00a0 indique Patricia Varin, responsable de Bruz Chromatik. Un interpr\u00e8te sera pr\u00e9sent pour faciliter les \u00e9changes, car Ali \u00d6z ne parle pas fran\u00e7ais. \u00a0Cet \u00e9v\u00e9nement est une occasion rare de rencontrer un auteur dont le travail est montr\u00e9 \u00e0 l\u2019international.\u00a0<\/p>\n<p>Ali \u00d6z a longtemps collabor\u00e9 avec les plus grands groupes de presse turcs et \u00e9trangers. En 2025, il a particip\u00e9 \u00e0 l\u2019exposition A la poursuite des murmures de Rennes. <\/p>\n<p><strong>Vendredi 7\u00a0novembre<\/strong>, 20\u00a0h, espace Magnolia, conf\u00e9rence avec le photographe Ali \u00d6z.<\/p>\n<p>\u00a0<\/p>\n","protected":false},"excerpt":{"rendered":"\u00a0J\u2019ai visit\u00e9 70\u00a0pays et poss\u00e8de un million de photos dans ma phototh\u00e8que. Pour moi la photographie est un&hellip;\n","protected":false},"author":2,"featured_media":512199,"comment_status":"","ping_status":"","sticky":false,"template":"","format":"standard","meta":{"footnotes":""},"categories":[2821],"tags":[1111,11,63285,829,26739,1777,674,1011,27,12,50208,20528,3086,584,25,3467,43456,6949],"class_list":{"0":"post-512198","1":"post","2":"type-post","3":"status-publish","4":"format-standard","5":"has-post-thumbnail","7":"category-rennes","8":"tag-actu","9":"tag-actualites","10":"tag-ali","11":"tag-bretagne","12":"tag-bruz","13":"tag-eu","14":"tag-europe","15":"tag-fr","16":"tag-france","17":"tag-news","18":"tag-oz","19":"tag-photographe","20":"tag-redon","21":"tag-rennes","22":"tag-republique-francaise","23":"tag-soir","24":"tag-turc","25":"tag-vendredi"},"share_on_mastodon":{"url":"https:\/\/pubeurope.com\/@fr\/115493956785040718","error":""},"_links":{"self":[{"href":"https:\/\/www.europesays.com\/fr\/wp-json\/wp\/v2\/posts\/512198","targetHints":{"allow":["GET"]}}],"collection":[{"href":"https:\/\/www.europesays.com\/fr\/wp-json\/wp\/v2\/posts"}],"about":[{"href":"https:\/\/www.europesays.com\/fr\/wp-json\/wp\/v2\/types\/post"}],"author":[{"embeddable":true,"href":"https:\/\/www.europesays.com\/fr\/wp-json\/wp\/v2\/users\/2"}],"replies":[{"embeddable":true,"href":"https:\/\/www.europesays.com\/fr\/wp-json\/wp\/v2\/comments?post=512198"}],"version-history":[{"count":0,"href":"https:\/\/www.europesays.com\/fr\/wp-json\/wp\/v2\/posts\/512198\/revisions"}],"wp:featuredmedia":[{"embeddable":true,"href":"https:\/\/www.europesays.com\/fr\/wp-json\/wp\/v2\/media\/512199"}],"wp:attachment":[{"href":"https:\/\/www.europesays.com\/fr\/wp-json\/wp\/v2\/media?parent=512198"}],"wp:term":[{"taxonomy":"category","embeddable":true,"href":"https:\/\/www.europesays.com\/fr\/wp-json\/wp\/v2\/categories?post=512198"},{"taxonomy":"post_tag","embeddable":true,"href":"https:\/\/www.europesays.com\/fr\/wp-json\/wp\/v2\/tags?post=512198"}],"curies":[{"name":"wp","href":"https:\/\/api.w.org\/{rel}","templated":true}]}}