{"id":51221,"date":"2025-04-25T07:41:09","date_gmt":"2025-04-25T07:41:09","guid":{"rendered":"https:\/\/www.europesays.com\/fr\/51221\/"},"modified":"2025-04-25T07:41:09","modified_gmt":"2025-04-25T07:41:09","slug":"nos-idees-sorties-du-week-end-des-2-3-et-4-mai-2025-dans-la-loire","status":"publish","type":"post","link":"https:\/\/www.europesays.com\/fr\/51221\/","title":{"rendered":"Nos id\u00e9es sorties du week-end des 2, 3 et 4 mai 2025 dans la Loire"},"content":{"rendered":"<p class=\"is-style-chapo\">Voici la s\u00e9lection de la r\u00e9daction de If Saint-Etienne pour se divertir et s\u2019amuser dans la Loire le week-end prochain, soit les 2, 3 et 4 mai. Une liste d\u2019\u00e9v\u00e9nements, s\u00e9lectionn\u00e9s de mani\u00e8re ind\u00e9pendante et, bien entendu, non-exhaustive.<\/p>\n<p><img loading=\"lazy\" decoding=\"async\" width=\"1024\" height=\"576\" src=\"https:\/\/www.europesays.com\/fr\/wp-content\/uploads\/2025\/04\/20200206_141118-1024x576.jpg\" alt=\"\" class=\"wp-image-12506\"\/>Le Plan\u00e9tarium de Saint-Etienne \u00a9 NB \/ IF Saint-Etienne<\/p>\n<p>1 \u2013 Easy rider<\/p>\n<p>Samedi et dimanche se d\u00e9roulera la 2\u00e8me manche du challenge France quart Sud-Est de <a href=\"https:\/\/www.ffcpaca.fr\/bmx\/\" target=\"_blank\" rel=\"noreferrer noopener\">BMX race<\/a> sur la piste de Saint-Paul-en-Jarez. Pour l\u2019occasion, environ 1 000 pilotes sont attendus en provenance d\u2019Auvergne Rh\u00f4ne-Alpes, de Corse et de Paca. L\u2019entr\u00e9e est gratuite et ouverte \u00e0 tous pour profiter du spectacle.<\/p>\n<p>2 \u2013 Sur la lune<\/p>\n<p>Vendredi 2 mai, \u00e0 17h, le <a href=\"https:\/\/planetarium.saint-etienne.fr\/\" target=\"_blank\" rel=\"noreferrer noopener\">Plan\u00e9tarium<\/a> de Saint-Etienne vous embraque pour un voyage vers la lune. A travers le film intitul\u00e9 \u00ab\u00a0L\u2019aventure Apollo 3D\u00a0\u00bb, vous d\u00e9couvrirez l\u2019aventure humaine et technologique qui se cache derri\u00e8re la mission\u00a0Apollo 11.<\/p>\n<p>3 \u2013 H.I.P, H.O.P<\/p>\n<p>A Montrond-les-Bains, la MJC s\u2019invite au <a href=\"https:\/\/www.if-saint-etienne.fr\/culture-loisirs\/decouvrez-les-chateaux-de-la-loire-dans-la-loire-1-2\" target=\"_blank\" rel=\"noreferrer noopener\">ch\u00e2teau<\/a> pour une battle de hip-hop. Samedi de 14h30 \u00e0 17h30, les danseurs s\u2019affronteront sur la piste au rythme des beats. L\u2019entr\u00e9e est gratuite et ouverte \u00e0 tous.<\/p>\n<p>4 \u2013 Gourmandise<\/p>\n<p>Au Coteau, Bertrand Chocolatier vous invite \u00e0 d\u00e9couvrir le monde du chocolat avec une visite des ateliers et une d\u00e9gustation de grands crus et de bonbons de chocolat. Durant pr\u00e8s de 2 heures, de 17h \u00e0 19h, vous pourrez d\u00e9couvrir tous les secrets du chocolat sur <a href=\"https:\/\/www.roannais-tourisme.com\/activites-loisirs\/visite-guidee-decouverte-du-chocolat-avec-bertrand-chocolatier\/\" target=\"_blank\" rel=\"noreferrer noopener\">r\u00e9servation<\/a>.<\/p>\n<p>5 \u2013 Exposition immersive<\/p>\n<p>Le mus\u00e9e <a href=\"https:\/\/www.museederoanne.fr\/expositions\/exposition-en-cours\/toiles-animees-installations-immersives.html\" target=\"_blank\" rel=\"noreferrer noopener\">Joseph D\u00e9chelette<\/a>, \u00e0 Roanne, propose l\u2019exposition Toiles anim\u00e9es, en partenariat avec le festival Cin\u00e9 court anim\u00e9. Cette exposition, con\u00e7ue par Les Rencontres Audiovisuelles de Lille, c\u00e9l\u00e8bre l\u2019alliance du patrimoine pictural et des technologies num\u00e9riques \u00e0 travers quatre expositions immersives.<\/p>\n","protected":false},"excerpt":{"rendered":"Voici la s\u00e9lection de la r\u00e9daction de If Saint-Etienne pour se divertir et s\u2019amuser dans la Loire le&hellip;\n","protected":false},"author":2,"featured_media":51222,"comment_status":"","ping_status":"","sticky":false,"template":"","format":"standard","meta":{"footnotes":""},"categories":[9653],"tags":[14428,1111,11,2430,1777,674,1011,27,14429,12,14430,25,4001,1669,14431],"class_list":{"0":"post-51221","1":"post","2":"type-post","3":"status-publish","4":"format-standard","5":"has-post-thumbnail","7":"category-saint-etienne","8":"tag-activites-week-end-loire","9":"tag-actu","10":"tag-actualites","11":"tag-auvergne-rhone-alpes","12":"tag-eu","13":"tag-europe","14":"tag-fr","15":"tag-france","16":"tag-idees-sorties-loire","17":"tag-news","18":"tag-recreatif","19":"tag-republique-francaise","20":"tag-saint-etienne","21":"tag-sorties","22":"tag-week-ends"},"share_on_mastodon":{"url":"https:\/\/pubeurope.com\/@fr\/114397477845816732","error":""},"_links":{"self":[{"href":"https:\/\/www.europesays.com\/fr\/wp-json\/wp\/v2\/posts\/51221","targetHints":{"allow":["GET"]}}],"collection":[{"href":"https:\/\/www.europesays.com\/fr\/wp-json\/wp\/v2\/posts"}],"about":[{"href":"https:\/\/www.europesays.com\/fr\/wp-json\/wp\/v2\/types\/post"}],"author":[{"embeddable":true,"href":"https:\/\/www.europesays.com\/fr\/wp-json\/wp\/v2\/users\/2"}],"replies":[{"embeddable":true,"href":"https:\/\/www.europesays.com\/fr\/wp-json\/wp\/v2\/comments?post=51221"}],"version-history":[{"count":0,"href":"https:\/\/www.europesays.com\/fr\/wp-json\/wp\/v2\/posts\/51221\/revisions"}],"wp:featuredmedia":[{"embeddable":true,"href":"https:\/\/www.europesays.com\/fr\/wp-json\/wp\/v2\/media\/51222"}],"wp:attachment":[{"href":"https:\/\/www.europesays.com\/fr\/wp-json\/wp\/v2\/media?parent=51221"}],"wp:term":[{"taxonomy":"category","embeddable":true,"href":"https:\/\/www.europesays.com\/fr\/wp-json\/wp\/v2\/categories?post=51221"},{"taxonomy":"post_tag","embeddable":true,"href":"https:\/\/www.europesays.com\/fr\/wp-json\/wp\/v2\/tags?post=51221"}],"curies":[{"name":"wp","href":"https:\/\/api.w.org\/{rel}","templated":true}]}}